{"id":2621,"date":"2016-08-06T11:40:23","date_gmt":"2016-08-06T09:40:23","guid":{"rendered":"http:\/\/blogs.diariosur.es\/avuelapluma\/?p=2621"},"modified":"2016-08-06T11:40:23","modified_gmt":"2016-08-06T09:40:23","slug":"no-con-mi-voto-2","status":"publish","type":"post","link":"https:\/\/blogs.diariosur.es\/avuelapluma\/2016\/08\/06\/no-con-mi-voto-2\/","title":{"rendered":"No con mi voto"},"content":{"rendered":"<p><a id=\"detail\" title=\"Ver detalles de im\u00e1genes\" href=\"http:\/\/www.bing.com\/images\/search?q=imagenes+de+elecciones&#038;view=detailv2&#038;qpvt=imagenes+de+elecciones&#038;id=6FF066640F8BE705716258A4D4A5B3FAC3533FD3&#038;selectedIndex=12&#038;ccid=pGHKq6Jw&#038;simid=608035325743005832&#038;thid=OIP.Ma461caaba270b607eea217528e479893o0\" rel=\"external nofollow\"><img src=\"\/\/tse1.mm.bing.net\/th?&#038;id=OIP.Ma461caaba270b607eea217528e479893o0&#038;w=297&#038;h=231&#038;c=0&#038;pid=1.9&#038;rs=0&#038;p=0\" alt=\"\" \/><\/a><\/p>\n<p>&nbsp;<\/p>\n<p>&nbsp;<\/p>\n<p>No con mi voto<\/p>\n<p>No es que vaya a faltar al ineludible deber de acudir a la cita con las urnas si hay, como parece, terceras elecciones. Asistir\u00e9 a la ceremonia, sobre en ristre, y me acercar\u00e9 con beatitud a practicar la liturgia a la que, previsiblemente como digo, se nos convocar\u00e1 en breve tiempo. Eso s\u00ed, esta vez, en mi sufragio no aparecer\u00e1n nombres: limpio y refulgente como una patena. En otras palabras, votar\u00e9 en blanco, sin el menor escozor: el plantel de pol\u00edticos y partidos convocantes no suscitan mi atenci\u00f3n de ninguna manera, despu\u00e9s de asistir al teatrillo\u00a0 de la confusi\u00f3n que nos ha ofrecido en los \u00faltimos meses.<\/p>\n<p>El restablecimiento de la democracia obedeci\u00f3 en Espa\u00f1a, como fue notorio, por muchas y variadas razones. Detr\u00e1s estaban cambios econ\u00f3micos y sociales de indudable alcance, y, tambi\u00e9n, entre otros, la necesidad imperiosa de un comienzo colectivo en el pa\u00eds. Un deseo uniformemente admitido de pasar p\u00e1gina a una situaci\u00f3n pol\u00edtica que lastraba el entendimiento entre s\u00ed de todos los espa\u00f1oles. Esas eran las premisas clave: pactos y consenso, algo que brilla por su ausencia entre quienes aspiran a regir ahora nuestro destino. Sus peroratas insustanciales nos abruman y aburren sobremanera, cuando no se pierden en el vac\u00edo m\u00e1s absoluto, producto del hartazgo insondable que nos producen.<\/p>\n<p>\u00bfNo se han percatado aun de que no nos hacen mella y que se pierden en el vac\u00edo m\u00e1s absoluto? \u00bfNo de aperciben de que ya contemplamos con aburrimiento y hast\u00edo sus soflamas? Lo \u00faltimo los desplantes de S\u00e1nchez y Rivera a los propuestas de quienes de manera ostensible ganaron los \u00faltimos comicios. El secretario general del PSOE enrocado en su \u201cno\u201d permanente, a\u00fan a sabiendas de que pr\u00f3ceres del partido de otros tiempos se\u00f1alan el camino a seguir, que no es otro que facilitar que Rajoy gobierne, aunque luego le salten a la yugular sin miramientos. Le importa un ardite, al parecer, que se aprueben el techo de gastos y los consiguientes presupuestos del Estado, de los que dependen el mantenimiento de pensiones, aunque sea con raqu\u00edticos aumentos, o las asignaciones para las Comunidades Aut\u00f3nomas y ayuntamientos, entre otras providencias urgentes e inaplazables y que repercuten en el bienestar ciudadano.<\/p>\n<p>Siguen firmen en sus convicciones que a m\u00e1s de uno nos parecen descabelladas e ins\u00f3litas, entre otras cosas porque van a\u00a0 impedir la formaci\u00f3n de un nuevo gobierno que necesitamos como el \u00a0estiaje pertinaz ans\u00eda las aguas de mayo.\u00a0 \u00bfEstar\u00edamos condenados otra vez, en el caso de que le sigamos el juego, a o\u00edr, que no escuchar, sus argumentos tan vac\u00edos como anodinos? \u00bfCreen que se podr\u00eda soportar por tres veces consecutivas las ensartas de desatinos que hemos tenido que soportar va ya para un a\u00f1o?<\/p>\n<p>Con mi voto, no. Decididamente.<\/p>\n","protected":false},"excerpt":{"rendered":"<p>&nbsp; &nbsp; No con mi voto No es que vaya a faltar al ineludible deber de acudir a la cita con las urnas si hay, como parece, terceras elecciones. Asistir\u00e9 a la ceremonia, sobre en ristre, y me acercar\u00e9 con beatitud a practicar la liturgia a la que, previsiblemente como digo, se nos convocar\u00e1 en [&hellip;]<\/p>\n","protected":false},"author":27495,"featured_media":0,"comment_status":"open","ping_status":"open","sticky":false,"template":"","format":"standard","meta":[],"categories":[3,18],"tags":[430,832,1070],"_links":{"self":[{"href":"https:\/\/blogs.diariosur.es\/avuelapluma\/wp-json\/wp\/v2\/posts\/2621"}],"collection":[{"href":"https:\/\/blogs.diariosur.es\/avuelapluma\/wp-json\/wp\/v2\/posts"}],"about":[{"href":"https:\/\/blogs.diariosur.es\/avuelapluma\/wp-json\/wp\/v2\/types\/post"}],"author":[{"embeddable":true,"href":"https:\/\/blogs.diariosur.es\/avuelapluma\/wp-json\/wp\/v2\/users\/27495"}],"replies":[{"embeddable":true,"href":"https:\/\/blogs.diariosur.es\/avuelapluma\/wp-json\/wp\/v2\/comments?post=2621"}],"version-history":[{"count":0,"href":"https:\/\/blogs.diariosur.es\/avuelapluma\/wp-json\/wp\/v2\/posts\/2621\/revisions"}],"wp:attachment":[{"href":"https:\/\/blogs.diariosur.es\/avuelapluma\/wp-json\/wp\/v2\/media?parent=2621"}],"wp:term":[{"taxonomy":"category","embeddable":true,"href":"https:\/\/blogs.diariosur.es\/avuelapluma\/wp-json\/wp\/v2\/categories?post=2621"},{"taxonomy":"post_tag","embeddable":true,"href":"https:\/\/blogs.diariosur.es\/avuelapluma\/wp-json\/wp\/v2\/tags?post=2621"}],"curies":[{"name":"wp","href":"https:\/\/api.w.org\/{rel}","templated":true}]}}