{"id":2622,"date":"2016-08-09T10:08:07","date_gmt":"2016-08-09T08:08:07","guid":{"rendered":"http:\/\/blogs.diariosur.es\/avuelapluma\/?p=2622"},"modified":"2016-08-09T10:08:07","modified_gmt":"2016-08-09T08:08:07","slug":"prohibido-enfermar-en-verano-2","status":"publish","type":"post","link":"https:\/\/blogs.diariosur.es\/avuelapluma\/2016\/08\/09\/prohibido-enfermar-en-verano-2\/","title":{"rendered":"Prohibido enfermar en  verano"},"content":{"rendered":"<p><a id=\"detail\" title=\"Ver detalles de im\u00e1genes\" href=\"http:\/\/www.bing.com\/images\/search?q=imagenes+de+salas+de+espera+de+hospitales&#038;view=detailv2&#038;&#038;id=C9F02171F36BD14997A09EC5391E62D24CD358F5&#038;selectedIndex=41&#038;ccid=d6pYYod7&#038;simid=608009590301393977&#038;thid=OIP.M77aa5862877b3cf21d26b515bbbc8ec7o0\" rel=\"external nofollow\"><img src=\"\/\/tse1.mm.bing.net\/th?&#038;id=OIP.M77aa5862877b3cf21d26b515bbbc8ec7o0&#038;w=300&#038;h=199&#038;c=0&#038;pid=1.9&#038;rs=0&#038;p=0\" alt=\"\" \/><\/a><\/p>\n<p>&nbsp;<\/p>\n<p>&nbsp;<\/p>\n<p>Prohibido enfermar en\u00a0 verano<\/p>\n<p>Este peri\u00f3dico se viene ocupando del acuciante problema \u00a0que nos embarga a los malague\u00f1os en el caso de caer enfermo de cierta\u00a0 consideraci\u00f3n y, por ende, de necesitar hospitalizaci\u00f3n urgente y perentoria atenci\u00f3n m\u00e9dica en los meses de verano. Una odisea. Ante los o\u00eddos sordos de la administraci\u00f3n auton\u00f3mica que no sabe, no puede, o no quiere atajar el problema estamos viendo en estos d\u00edas, en los que calor no es un aliado para remediar afecciones end\u00e9micas u ocasionales de gravedad, se vienen llenando las salas de espera de los hospitales malague\u00f1os en espera de que se atiendan sus males. Una espera tan larga como desesperante para quienes las sufren. No hay camas suficientes, brillan por su ausencia m\u00e9dicos y enfermeros y los que permanecen en su lugar de trabajo se las ven y desean para atender tan ingente demanda, pese a entregarse en cuerpo y alma al desempe\u00f1o de sus funciones. No dan abastos, esa es la cuesti\u00f3n. No es su culpa, sino de quienes empe\u00f1ados en recortar gastos, lo hacen desp\u00f3ticamente en detrimento de quienes buscan remedio a estados m\u00f3rbidos que no admiten demora.<\/p>\n<p>Una aseveraci\u00f3n de algunos de los sindicatos sanitarios malague\u00f1os no puede por menos que sobrecogernos, sobre todo a los que ya sobrepasamos con creces la edad septuagenaria y padecemos afecciones y quebrantos sin cuentos que merman ostensiblemente nuestra calidad de vida. Vienen a decir aqu\u00ed y ahora que \u201ceste est\u00e1 siendo el peor verano que se recuerda\u201d (sic) en cuanto a la atenci\u00f3n que se dispensa en los hospitales.<\/p>\n<p>No est\u00e1 en nuestro \u00e1nimo alarmar a nadie. Ante la desidia de la administraci\u00f3n se erige la encomiable labor de los profesionales que se dejan la piel en atender puntualmente a los pacientes. Pero ante una avalancha de quienes solicitan cuidados urgentes se alza el muro de la falta de personal, lo que repercute en la tardanza en administrar la pronta atenci\u00f3n requerida.<\/p>\n<p>Los dr\u00e1sticos recortes del SAS, que est\u00e1n detr\u00e1s de la reducci\u00f3n de personal sanitario, est\u00e1n, al parecer, dando ocasi\u00f3n a \u201cun colapso\u201d de los servicios, sobre todo los de las urgencias, punta de lanza del sistema y en donde la falta de personal se hace m\u00e1s evidente.<strong> <\/strong><\/p>\n<p><strong>\u00a0\u00a0 Una situaci\u00f3n que se repite con machacona insistencia y que perjudica a quienes sufren los zarpazos de la enfermedad y tienen que soportar en salas de espera abarrotadas (\u201cpicos de frecuentaci\u00f3n\u201d, seg\u00fan el SAS), entre otras molestias y deficiencias, la ausencia de intimidad y calor humano que pudieran disminuir estados si no comatosos s\u00ed angustiosos y deprimentes. A quienes sufren \u00a0desesperantes esperas no le valen las afirmaciones del SAS, quitando hierro al asunto. Se afirma que \u201dla atenci\u00f3n est\u00e1 totalmente garantizada\u201d. Puede ser, que nadie quiere ser derrotista ni propagar falsas alarmas. Pero la situaci\u00f3n es la que es y a uno se le encoge el \u00e1nimo cuando estas noticias trascienden.<\/strong><\/p>\n<p><strong>\u00a0\u00a0\u00a0 <\/strong>La cuesti\u00f3n es que adem\u00e1s de las quejas que vienen manifestado los profesionales ante una situaci\u00f3n que se intensifica por d\u00edas han alzado la voz \u00a0los facultativos jubilados que han querido hacer patente su malestar a las puertas del Colegio M\u00e9dico, en donde \u00a0no han dudado en dar forma y voz a un manifiesto denunciado estos hechos.<strong> Loable empe\u00f1o que hay que agradecer sin tapujos.<\/strong><\/p>\n<p><strong>\u00a0\u00a0\u00a0 <\/strong><\/p>\n","protected":false},"excerpt":{"rendered":"<p>&nbsp; &nbsp; Prohibido enfermar en\u00a0 verano Este peri\u00f3dico se viene ocupando del acuciante problema \u00a0que nos embarga a los malague\u00f1os en el caso de caer enfermo de cierta\u00a0 consideraci\u00f3n y, por ende, de necesitar hospitalizaci\u00f3n urgente y perentoria atenci\u00f3n m\u00e9dica en los meses de verano. Una odisea. Ante los o\u00eddos sordos de la administraci\u00f3n auton\u00f3mica [&hellip;]<\/p>\n","protected":false},"author":27495,"featured_media":0,"comment_status":"open","ping_status":"open","sticky":false,"template":"","format":"standard","meta":[],"categories":[3,17],"tags":[418,437],"_links":{"self":[{"href":"https:\/\/blogs.diariosur.es\/avuelapluma\/wp-json\/wp\/v2\/posts\/2622"}],"collection":[{"href":"https:\/\/blogs.diariosur.es\/avuelapluma\/wp-json\/wp\/v2\/posts"}],"about":[{"href":"https:\/\/blogs.diariosur.es\/avuelapluma\/wp-json\/wp\/v2\/types\/post"}],"author":[{"embeddable":true,"href":"https:\/\/blogs.diariosur.es\/avuelapluma\/wp-json\/wp\/v2\/users\/27495"}],"replies":[{"embeddable":true,"href":"https:\/\/blogs.diariosur.es\/avuelapluma\/wp-json\/wp\/v2\/comments?post=2622"}],"version-history":[{"count":0,"href":"https:\/\/blogs.diariosur.es\/avuelapluma\/wp-json\/wp\/v2\/posts\/2622\/revisions"}],"wp:attachment":[{"href":"https:\/\/blogs.diariosur.es\/avuelapluma\/wp-json\/wp\/v2\/media?parent=2622"}],"wp:term":[{"taxonomy":"category","embeddable":true,"href":"https:\/\/blogs.diariosur.es\/avuelapluma\/wp-json\/wp\/v2\/categories?post=2622"},{"taxonomy":"post_tag","embeddable":true,"href":"https:\/\/blogs.diariosur.es\/avuelapluma\/wp-json\/wp\/v2\/tags?post=2622"}],"curies":[{"name":"wp","href":"https:\/\/api.w.org\/{rel}","templated":true}]}}