{"id":2632,"date":"2016-08-18T12:13:09","date_gmt":"2016-08-18T10:13:09","guid":{"rendered":"http:\/\/blogs.diariosur.es\/avuelapluma\/?p=2632"},"modified":"2016-08-18T12:13:09","modified_gmt":"2016-08-18T10:13:09","slug":"mano-tendida-a-la-serrania-de-ronda","status":"publish","type":"post","link":"https:\/\/blogs.diariosur.es\/avuelapluma\/2016\/08\/18\/mano-tendida-a-la-serrania-de-ronda\/","title":{"rendered":"Mano tendida a la Serran\u00eda de Ronda"},"content":{"rendered":"<p><a id=\"detail\" title=\"Ver detalles de im\u00e1genes\" href=\"http:\/\/www.bing.com\/images\/search?q=imagenes+de+carreteras+de+la+serrania+de+Ronda%2c+diariosur&#038;view=detailv2&#038;&#038;id=A6F05200D54DF05AAA91EC09D59D9520D2452A1D&#038;selectedIndex=16&#038;ccid=TP%2b975qg&#038;simid=608046527031019290&#038;thid=OIP.M4cffbdef9aa0acce62ae29f11c076274o0\" rel=\"external nofollow\"><img src=\"\/\/tse1.mm.bing.net\/th?&#038;id=OIP.M4cffbdef9aa0acce62ae29f11c076274o0&#038;w=300&#038;h=199&#038;c=0&#038;pid=1.9&#038;rs=0&#038;p=0\" alt=\"\" \/><\/a><\/p>\n<p>Mano tendida a la Serran\u00eda de Ronda<\/p>\n<p>Ronda y la Serran\u00eda a la que engloba padecen un acusado d\u00e9ficit en lo que ata\u00f1e a las comunicaciones que unen a los diferentes pueblos de su \u00e1mbito entre s\u00ed y con el exterior. Carreteras que dejan mucho que desear en sus trazados y accesos deficientes en su trazado que colman la paciencia de quienes lo transitan o, lo que es peor, ponen en peligro su integridad f\u00edsica. Escollos \u00e9stos que no son precisamente un aliciente para quienes disfrutan d\u00edas de asueto y aspiran a dejarse caer por estos lares, algo que potenciar\u00eda un turismo que podr\u00eda erigirse como piedra angular para el desarrollo y refuerzo del tejido industrial y productivo de la zona.<\/p>\n<p>El Partido Popular de la Comunidad Aut\u00f3noma se ha pronunciado recientemente a este respecto. El parlamentario F\u00e9lix Romero, entre otras figuras pol\u00edticas ronde\u00f1as destacadas, de las que era conmilit\u00f3n, ha venido a la ciudad del Tajo a dar cumplida cuenta del Plan de Dinamizaci\u00f3n, que como proyecto ya ha sido depositado en el seno de la Comisi\u00f3n de Turismo. La pretensi\u00f3n es que la Consejer\u00eda a la que se ha dirigido tenga a bien impulsarlo, haci\u00e9ndose hincapi\u00e9 en que Ronda y la Serran\u00eda figuren con todo derecho, a tenor de su importancia,\u00a0 en las gu\u00edas y dise\u00f1os que promocionen el turismo en el ancho solar andaluz.<\/p>\n<p>Pretensi\u00f3n \u00e9sta que lleva pareja la modernizaci\u00f3n de las comunicaciones viarias, condici\u00f3n <em>sine qua non<\/em>, para que este turismo al que se aspira se desarrolle y resulte competitivo con otras demarcaciones de la regi\u00f3n. Aqu\u00ed ser\u00e1 la Consejer\u00eda de Fomento la que tiene mucho que decir para\u00a0 llevar a buen puerto el inaplazable proyecto.<\/p>\n<p>Bien es cierto que el ancestral aislamiento que ven\u00eda sufriendo la comarca se mitig\u00f3 en d\u00e9cadas recientes por las inversiones en infraestructuras, pero tambi\u00e9n lo es que el tiempo ha ido dejando su impronta perniciosa en ellas y se impone la revisi\u00f3n urgente para que ofrezcan la m\u00e1s \u00f3ptima apariencia.<\/p>\n<p>En definitiva, est\u00e1 en el \u00e1nimo del Partido Popular, el cual ha recibido el benepl\u00e1cito de la Diputaci\u00f3n de M\u00e1laga, como no pod\u00eda ser de otra manera, implicar a la Administraci\u00f3n del Estado para que\u00a0 el objetivo no haga aguas y cuaje de manera definitiva. De esta conjunci\u00f3n de organismos aut\u00f3nomos y estatales\u00a0 se espera presten su apoyo para dar\u00a0 salida a un problema acuciante\u00a0 que favoreciendo infraestructuras y comunicaciones redunde en la creaci\u00f3n de empresas tur\u00edsticas capaces de absorber una mano de obra juvenil que es abundante en la zona y que da palos de ciego para encontrar un puesto de trabajo que venga a paliar situaciones sociales conflictivas. Tenderles la mano se impone por derecho.<\/p>\n<p>&nbsp;<\/p>\n<p>&nbsp;<\/p>\n<p>&nbsp;<\/p>\n","protected":false},"excerpt":{"rendered":"<p>Mano tendida a la Serran\u00eda de Ronda Ronda y la Serran\u00eda a la que engloba padecen un acusado d\u00e9ficit en lo que ata\u00f1e a las comunicaciones que unen a los diferentes pueblos de su \u00e1mbito entre s\u00ed y con el exterior. Carreteras que dejan mucho que desear en sus trazados y accesos deficientes en su [&hellip;]<\/p>\n","protected":false},"author":27495,"featured_media":0,"comment_status":"open","ping_status":"open","sticky":false,"template":"","format":"standard","meta":[],"categories":[19],"tags":[252,570,922,1031],"_links":{"self":[{"href":"https:\/\/blogs.diariosur.es\/avuelapluma\/wp-json\/wp\/v2\/posts\/2632"}],"collection":[{"href":"https:\/\/blogs.diariosur.es\/avuelapluma\/wp-json\/wp\/v2\/posts"}],"about":[{"href":"https:\/\/blogs.diariosur.es\/avuelapluma\/wp-json\/wp\/v2\/types\/post"}],"author":[{"embeddable":true,"href":"https:\/\/blogs.diariosur.es\/avuelapluma\/wp-json\/wp\/v2\/users\/27495"}],"replies":[{"embeddable":true,"href":"https:\/\/blogs.diariosur.es\/avuelapluma\/wp-json\/wp\/v2\/comments?post=2632"}],"version-history":[{"count":0,"href":"https:\/\/blogs.diariosur.es\/avuelapluma\/wp-json\/wp\/v2\/posts\/2632\/revisions"}],"wp:attachment":[{"href":"https:\/\/blogs.diariosur.es\/avuelapluma\/wp-json\/wp\/v2\/media?parent=2632"}],"wp:term":[{"taxonomy":"category","embeddable":true,"href":"https:\/\/blogs.diariosur.es\/avuelapluma\/wp-json\/wp\/v2\/categories?post=2632"},{"taxonomy":"post_tag","embeddable":true,"href":"https:\/\/blogs.diariosur.es\/avuelapluma\/wp-json\/wp\/v2\/tags?post=2632"}],"curies":[{"name":"wp","href":"https:\/\/api.w.org\/{rel}","templated":true}]}}