{"id":2635,"date":"2016-08-22T08:28:41","date_gmt":"2016-08-22T06:28:41","guid":{"rendered":"http:\/\/blogs.diariosur.es\/avuelapluma\/?p=2635"},"modified":"2016-08-22T08:28:41","modified_gmt":"2016-08-22T06:28:41","slug":"nueva-hornada-de-politicos","status":"publish","type":"post","link":"https:\/\/blogs.diariosur.es\/avuelapluma\/2016\/08\/22\/nueva-hornada-de-politicos\/","title":{"rendered":"Nuevo elenco de pol\u00edticos"},"content":{"rendered":"<p><a id=\"detail\" title=\"Ver detalles de im\u00e1genes\" href=\"http:\/\/www.bing.com\/images\/search?q=imagenes+de+rivera%2c+rajoy%2c+sanchez+e+iglesias&#038;view=detailv2&#038;&#038;id=EC43EDDC9D76577C9044931868BE367931EB0949&#038;selectedIndex=0&#038;ccid=TvgCIYkd&#038;simid=607992711096045282&#038;thid=OIP.M4ef80221891daca4494e2f0a68db8c60o0\" rel=\"external nofollow\"><img src=\"\/\/tse1.mm.bing.net\/th?&#038;id=OIP.M4ef80221891daca4494e2f0a68db8c60o0&#038;w=300&#038;h=199&#038;c=0&#038;pid=1.9&#038;rs=0&#038;p=0\" alt=\"\" data-bm=\"58\" \/><\/a><\/p>\n<p>&nbsp;<\/p>\n<p>Si como es de suponer y en vista de lo que venimos presenciando en el obscuro e hiriente panorama pol\u00edtico con el que nos levantamos y acostamos, en el que parece irremediable que se hayan de soportar las terceras elecciones para oprobio de la democracia que nos dimos a\u00f1os ha, muchos pensamos que no ser\u00eda descabellada una protesta ciudadana\u00a0 reclam\u00e1ndose\u00a0 la presencia de nuevos pol\u00edticos y env\u00edo a sus casas de los m\u00e1s representativos del momento que no han sabido o no han querido \u2013 no se sabe que es peor \u2013 solucionar el atolladero en el que se encuentra Espa\u00f1a.<\/p>\n<p>La multitudinaria asistencia a este pataleo p\u00fablico estar\u00eda garantizada porque la rabia ciudadana habr\u00eda llegado a su culmen y no parece que fuese descabellada exteriorizarla a voz en grito, que la voz del pueblo es justo que se eleve en situaciones \u00a0como en las que vivimos en las que la clase pol\u00edtica del momento hace caso omiso a las exigencias del pueblo llano harto de tantas imposturas y dimes y diretes que a nada conducen. Se ciernen sobre nuestras cabezas amenazas sin cuentos como podr\u00edan ser las derivadas de la confluencia con Europa y sus exigencias inaplazables, la asfixia econ\u00f3mica de las Comunidades y Corporaciones Locales, el atolladero de los pensionistas que ver\u00edan sus mensualidades ostensiblemente esquilmadas, entre otros males que vendr\u00edan a poner en la picota los avances que en lo econ\u00f3mico, social e institucional se han logrado ciment\u00e1ndolos para en bienestar general.<\/p>\n<p>Sin acordar el Techo de Gastos y, consecuentemente, aprobar los Presupuestos Generales, nos moveremos todos en la cuerda floja por mor de la incapacidad, el desvar\u00edo o la insensatez de quienes se les llena la boca de decir que obran en el bien de Espa\u00f1a pero no hacen nada, y nada es nada (\u00bfles suena esta iteraci\u00f3n?), para aliviar los males que la aquejan.<\/p>\n<p>En el horizonte las terceras elecciones para el bochorno y la rabia del pa\u00eds y la burla de quienes nos contemplan allende fronteras. Lo dicho, se impone una nuevo elenco\u00a0\u00a0de pol\u00edticos con m\u00e1s altas miras y menos mirarse la propia regi\u00f3n umbilical, o sea, el ombligo.<\/p>\n","protected":false},"excerpt":{"rendered":"<p>&nbsp; Si como es de suponer y en vista de lo que venimos presenciando en el obscuro e hiriente panorama pol\u00edtico con el que nos levantamos y acostamos, en el que parece irremediable que se hayan de soportar las terceras elecciones para oprobio de la democracia que nos dimos a\u00f1os ha, muchos pensamos que no [&hellip;]<\/p>\n","protected":false},"author":27495,"featured_media":0,"comment_status":"open","ping_status":"open","sticky":false,"template":"","format":"standard","meta":[],"categories":[3,18],"tags":[177,403,833],"_links":{"self":[{"href":"https:\/\/blogs.diariosur.es\/avuelapluma\/wp-json\/wp\/v2\/posts\/2635"}],"collection":[{"href":"https:\/\/blogs.diariosur.es\/avuelapluma\/wp-json\/wp\/v2\/posts"}],"about":[{"href":"https:\/\/blogs.diariosur.es\/avuelapluma\/wp-json\/wp\/v2\/types\/post"}],"author":[{"embeddable":true,"href":"https:\/\/blogs.diariosur.es\/avuelapluma\/wp-json\/wp\/v2\/users\/27495"}],"replies":[{"embeddable":true,"href":"https:\/\/blogs.diariosur.es\/avuelapluma\/wp-json\/wp\/v2\/comments?post=2635"}],"version-history":[{"count":0,"href":"https:\/\/blogs.diariosur.es\/avuelapluma\/wp-json\/wp\/v2\/posts\/2635\/revisions"}],"wp:attachment":[{"href":"https:\/\/blogs.diariosur.es\/avuelapluma\/wp-json\/wp\/v2\/media?parent=2635"}],"wp:term":[{"taxonomy":"category","embeddable":true,"href":"https:\/\/blogs.diariosur.es\/avuelapluma\/wp-json\/wp\/v2\/categories?post=2635"},{"taxonomy":"post_tag","embeddable":true,"href":"https:\/\/blogs.diariosur.es\/avuelapluma\/wp-json\/wp\/v2\/tags?post=2635"}],"curies":[{"name":"wp","href":"https:\/\/api.w.org\/{rel}","templated":true}]}}