{"id":2641,"date":"2016-09-01T09:27:51","date_gmt":"2016-09-01T07:27:51","guid":{"rendered":"http:\/\/blogs.diariosur.es\/avuelapluma\/?p=2641"},"modified":"2016-09-01T09:27:51","modified_gmt":"2016-09-01T07:27:51","slug":"2641","status":"publish","type":"post","link":"https:\/\/blogs.diariosur.es\/avuelapluma\/2016\/09\/01\/2641\/","title":{"rendered":"Terceras y navide\u00f1as elecciones"},"content":{"rendered":"<p>Terceras y navide\u00f1as elecciones<\/p>\n<p><a id=\"detail\" title=\"Ver detalles de im\u00e1genes\" href=\"http:\/\/www.bing.com\/images\/search?q=imagenes+de+rajoy+y+sanchez%2c+diariosur&#038;view=detailv2&#038;&#038;id=26B58D83E5428A16E80496FE8DFB9FE8102CD122&#038;selectedIndex=0&#038;ccid=deQIKSGa&#038;simid=608020989167927947&#038;thid=OIP.M75e40829219ac4b5b7c458aac91718ebo0\" rel=\"external nofollow\"><img src=\"\/\/tse1.mm.bing.net\/th?&#038;id=OIP.M75e40829219ac4b5b7c458aac91718ebo0&#038;w=299&#038;h=168&#038;c=0&#038;pid=1.9&#038;rs=0&#038;p=0\" alt=\"\" \/><\/a><\/p>\n<p>Fracas\u00f3 la investidura de Rajoy como era de esperar dado el empecinamiento de S\u00e1nchez que no parece tener otra aspiraci\u00f3n que ver c\u00f3mo su contrincante muerde el polvo como lo hizo \u00e9l sin tener en cuenta que la situaci\u00f3n es bien distinta. El n\u00famero de votos\u00a0\u00a0a favor del presidente en funciones ha sido mucho m\u00e1s elevado que los conseguidos por el l\u00edder socialista en su momento. Pero los socialistas pasan por alto esta circunstancia y contin\u00faan\u00a0contra viento y marea\u00a0en su negativa. Est\u00e1n n su derecho, que eso nadie osa discutirles, pero cree uno, en su parquedad en los conocimientos \u00a0de los intr\u00edngulis de la cuesti\u00f3n, y viendo el panorama\u00a0que sirve de fondo\u00a0\u00a0 la situaci\u00f3n del pa\u00eds que viene cobrando tintes cada vez m\u00e1s sombr\u00edos, que se\u00a0deber\u00eda hacerse un esfuerzo \u00a0por parte de todos los pol\u00edticos que nos dirigen &#8211; m\u00e1s mal que bien si se oye el clamor de la calle -para llegar a un punto de entendimiento. No se da un paso en la direcci\u00f3n correcta y la an\u00f3mala situaci\u00f3n nos abate hoy m\u00e1s que ayer y menos que ma\u00f1ana, seg\u00fan van transcurriendo los acontecimientos.<\/p>\n<p>Confirmada la adhesi\u00f3n de Ciudadanos al Partido Popular, por muy a\u00a0 rega\u00f1adientes que haya sido, queda el escollo hasta ahora insalvable de arrancar el \u201cs\u00ed, quiero\u201d al PSOE para \u00a0la anhelada por sus ac\u00f3litos investidura de Rajoy, para la cual tambi\u00e9n valdr\u00eda \u00a0\u00a0la mera abstenci\u00f3n. Un objetivo final para \u00a0de que una pu\u00f1etera vez tengamos un nuevo Gobierno en Espa\u00f1a, y perdonen el exabrupto suave, que mucho me temo que ser\u00e1 m\u00e1s contundente y agresivo en buena parte de la poblaci\u00f3n harta de las veleidades de nuestros pol\u00edticos del momento.<\/p>\n<p>Si como parece no queda m\u00e1s remedio que acudir de nuevo a la cita con las urnas (quien lo haga, que no ser\u00e1n pocos quienes, escarmentados y cabreados hasta el paroxismo, \u00a0pasar\u00e1n por alto esa, hasta ahora inexcusable compromiso ciudadano), deber\u00e1n calibrar m\u00e1s que nunca a quienes apoyar\u00e1n con su voto, porque el peligro de que todo siga igual como hasta ahora nos acecha. Y si as\u00ed ocurriera, porque insisto los resultados no podr\u00edan variar un \u00e1pice de los que hoy conocemos, se habr\u00eda hecho un pan como unas tortas, que decimos campanudamente.<\/p>\n<p>Y lo que hoy est\u00e1 en el candelero es que se va a volver a solicitar al Jefe del Estado la investidura para la formaci\u00f3n \u00a0de un Gobierno sin contar con los apoyos necesarios del Congreso de los Diputados, ya que a\u00fan contado con la aquiescencia de Ciudadanos, que est\u00e1 por ver, Rajoy necesitar\u00eda, como es p\u00fablico y notorio, la abstenci\u00f3n del PSOE, cuando \u00e9ste bascula entre ella y\u00a0 la negativa categ\u00f3rica, como tambi\u00e9n es archiconocido por la ciudadan\u00eda.<\/p>\n<p>S\u00e1nchez se aferr\u00f3 a su candidatura como a un clavo ardiendo y sali\u00f3 mal parado; ahora desea hacerle tragar la amarga medicina a Rajoy, que mucho es de temer que siga sus pasos (craso error), y sin los apoyos necesarios sucumba sin lograr su objetivo. Con lo que se pondr\u00e1 de nuevo \u00a0al Rey \u00a0en un brete, confiando en los pol\u00edticos que dieron a entender una situaci\u00f3n bastante alejada de la realidad.<\/p>\n<p>Perspicaces cr\u00edticos de la situaci\u00f3n pol\u00edtica actual culpan al l\u00edder socialista de mirar m\u00e1s por sus intereses personales que por los de Espa\u00f1a. No se entiende bien su obstinaci\u00f3n en cercenar toda posibilidad de entendimiento para la consecuci\u00f3n de un Gobierno que venga a poner fin a una situaci\u00f3n econ\u00f3mica, social e institucional que no puede sino aportarnos males para todos.<\/p>\n<p>Cariacontecidos por mor de esta tesitura irreductible no queda otra que acudir a votar, qui\u00e9n as\u00ed lo juzgue conveniente, por tercera vez y esta vez al finalizar el Adviento, para mayor inri. Navidad, turrones, champ\u00e1n \u00a0\u00a0y papeleta en ristre. Fun, fun, fun.<\/p>\n<p>&nbsp;<\/p>\n","protected":false},"excerpt":{"rendered":"<p>Terceras y navide\u00f1as elecciones Fracas\u00f3 la investidura de Rajoy como era de esperar dado el empecinamiento de S\u00e1nchez que no parece tener otra aspiraci\u00f3n que ver c\u00f3mo su contrincante muerde el polvo como lo hizo \u00e9l sin tener en cuenta que la situaci\u00f3n es bien distinta. El n\u00famero de votos\u00a0\u00a0a favor del presidente en funciones [&hellip;]<\/p>\n","protected":false},"author":27495,"featured_media":0,"comment_status":"open","ping_status":"open","sticky":false,"template":"","format":"standard","meta":[],"categories":[3,18],"tags":[403,580,721,833],"_links":{"self":[{"href":"https:\/\/blogs.diariosur.es\/avuelapluma\/wp-json\/wp\/v2\/posts\/2641"}],"collection":[{"href":"https:\/\/blogs.diariosur.es\/avuelapluma\/wp-json\/wp\/v2\/posts"}],"about":[{"href":"https:\/\/blogs.diariosur.es\/avuelapluma\/wp-json\/wp\/v2\/types\/post"}],"author":[{"embeddable":true,"href":"https:\/\/blogs.diariosur.es\/avuelapluma\/wp-json\/wp\/v2\/users\/27495"}],"replies":[{"embeddable":true,"href":"https:\/\/blogs.diariosur.es\/avuelapluma\/wp-json\/wp\/v2\/comments?post=2641"}],"version-history":[{"count":0,"href":"https:\/\/blogs.diariosur.es\/avuelapluma\/wp-json\/wp\/v2\/posts\/2641\/revisions"}],"wp:attachment":[{"href":"https:\/\/blogs.diariosur.es\/avuelapluma\/wp-json\/wp\/v2\/media?parent=2641"}],"wp:term":[{"taxonomy":"category","embeddable":true,"href":"https:\/\/blogs.diariosur.es\/avuelapluma\/wp-json\/wp\/v2\/categories?post=2641"},{"taxonomy":"post_tag","embeddable":true,"href":"https:\/\/blogs.diariosur.es\/avuelapluma\/wp-json\/wp\/v2\/tags?post=2641"}],"curies":[{"name":"wp","href":"https:\/\/api.w.org\/{rel}","templated":true}]}}