{"id":2644,"date":"2016-09-04T10:37:49","date_gmt":"2016-09-04T08:37:49","guid":{"rendered":"http:\/\/blogs.diariosur.es\/avuelapluma\/?p=2644"},"modified":"2016-09-04T10:37:49","modified_gmt":"2016-09-04T08:37:49","slug":"refulge-ronda-en-la-feria-de-septiembre","status":"publish","type":"post","link":"https:\/\/blogs.diariosur.es\/avuelapluma\/2016\/09\/04\/refulge-ronda-en-la-feria-de-septiembre\/","title":{"rendered":"Refulge Ronda en la Feria de Septiembre"},"content":{"rendered":"<p>&nbsp;<\/p>\n<p><a tabindex=\"-1\" href=\"http:\/\/www.andaluciainformacion.es\/ronda\/617930\/un-oleo-de-miki-haruta-protagonista-de-la-portada-de-feria-de-este-ano\/\" target=\"_parent\" rel=\"external nofollow\"><img loading=\"lazy\" src=\"\/\/andaluciainformacion.es\/cms\/media\/articulos\/articulos-439172.jpg\" alt=\"\" width=\"200\" height=\"160\" data-ms-imgsrc=\"\/\/andaluciainformacion.es\/cms\/media\/articulos\/articulos-439172.jpg\" \/><\/a><\/p>\n<p>Refulge Ronda en la Feria de Septiembre<\/p>\n<p>Se presentaron las Damas Goyescas con la pompa requerida ante los medios de comunicaci\u00f3n encargados de propulsar el vistoso evento a los cuatro vientos. Un acontecimiento rayano en el rito en los d\u00edas finales del verano, cuando ya se asoma en el horizonte la Feria de Septiembre con el esplendor y el jolgorio que la caracteriza. Evento de enorme poder de convocatoria, incluso de alcance internacional \u2013no hay m\u00e1s que ver la proliferaci\u00f3n de personajes de toda \u00edndole y cariz\u00a0 que se dejan caer por aqu\u00ed en estos d\u00edas.<\/p>\n<p>Si existen ciudades en Andaluc\u00eda que ejercen intenso poder de seducci\u00f3n sobre las imaginaciones Ronda y su Feria septembrina es una de ellas, sino la principal. Pone en juego para ello los poderes que le conceden su car\u00e1cter monumental, entendiendo el adjetivo m\u00e1s que por sus dimensiones por el n\u00famero y valor art\u00edstico e hist\u00f3rico de los monumentos que encierra.<\/p>\n<p>A principios del pasado siglo, las j\u00f3venes de las clases pudientes so\u00f1aban con su ` puesta de largo `, un acto social que les serv\u00eda de presentaci\u00f3n oficial en el c\u00edrculo de la sociedad de su tiempo. Era un evento que anunciaba el paso de ni\u00f1a a mujer, adi\u00f3s a la edad de la pubertad y bienvenida a la edad adulta, capaz ya de merecer gal\u00e1n y familia independiente. Las j\u00f3venes \u00a0de Ronda, creo que en cualquier \u00e9poca, lo que han so\u00f1ado siempre es con vestir las galas de Dama Goyesca una vez alcanzada la edad conveniente.\u00a0 Es lo que pensar\u00e1n las poco m\u00e1s o menos \u00a0quincea\u00f1eras ronde\u00f1as, puesta ya las ilusiones en el acontecimiento que por estas fechas de cada a\u00f1o revoluciona a la ciudad de pies a cabeza.<\/p>\n<p>Para ellas es un honor aparecer en el parco principal del famoso coso taurino ronde\u00f1o ante el\u00a0 enfervorizado p\u00fablico que jalea las faenas de los diestros de turnos, entre los que no puede faltar el que pertenezca a la descendencia de Antonio Ord\u00f3\u00f1ez, el maestro por antonomasia.<\/p>\n<p>Sol a raudales, lujuriosas tonalidades crom\u00e1ticas, miradas c\u00f3mplices de famosos acodados en las barreras. Jam\u00e1s un coso taurino reuni\u00f3 tama\u00f1a magnitud de elementos capaces de suspender el \u00e1nimo y suscitar la emoci\u00f3n. Tarde espl\u00e9ndida en la que se conjugan los dos pilares que sostienen un espect\u00e1culo taurino \u00fanico: en el albero el arte de la tauromaquia quintaesenciada en la escuela ronde\u00f1a y la belleza luminosa de su mujer\u00edo. Magia sin cortapisas.<\/p>\n<p align=\"left\">\u00a0\u00a0\u00a0\u00a0\u00a0\u00a0\u00a0\u00a0\u00a0\u00a0 RONDA toda,\u00a0 un \u00fanico clamor,<\/p>\n<p align=\"left\">\u00a0\u00a0\u00a0\u00a0\u00a0\u00a0\u00a0\u00a0\u00a0 \u00a0el sol casas se\u00f1oriales blanquea.<\/p>\n<p align=\"left\">\u00a0\u00a0\u00a0\u00a0\u00a0\u00a0\u00a0\u00a0\u00a0 En la calle una beldad\u00a0 coquetea<\/p>\n<p align=\"left\">\u00a0\u00a0\u00a0\u00a0\u00a0\u00a0\u00a0 \u00a0\u00a1Sus ojos verdes van pidiendo amor!<\/p>\n<p align=\"left\">\u00a0\u00a0\u00a0\u00a0\u00a0\u00a0 \u00a0Vino, toros, mujeres: esplendor.<\/p>\n<p align=\"left\">\u00a0\u00a0\u00a0\u00a0\u00a0\u00a0\u00a0 Un mozo pinturero <em>donjuanea<\/em>,<\/p>\n<p align=\"left\">\u00a0\u00a0\u00a0\u00a0\u00a0\u00a0 \u00a0a lomos de un cuatralbo \u00a0que espolea.<\/p>\n<p align=\"left\">\u00a0\u00a0\u00a0\u00a0\u00a0 \u00a0 La feria septembrina un\u00a0 puro hervor.<\/p>\n<p align=\"left\">\u00a0\u00a0\u00a0\u00a0\u00a0\u00a0 \u00a0En la plaza que un rey Borb\u00f3n dej\u00f3 hecha,<\/p>\n<p align=\"left\">\u00a0\u00a0\u00a0\u00a0\u00a0\u00a0tres \u00a0famosos diestros se han saludado.<\/p>\n<p align=\"left\">\u00a0\u00a0\u00a0\u00a0\u00a0\u00a0 La muerte en los toriles acecha.<\/p>\n<p align=\"left\">\u00a0\u00a0\u00a0\u00a0 \u00a0Del tendido\u00a0\u00a0\u00a0 un suspiro\u00a0 se ha alzado,<\/p>\n<p align=\"left\">\u00a0\u00a0\u00a0\u00a0\u00a0 y\u00a0 una oraci\u00f3n sube como una endecha<\/p>\n<p align=\"left\">\u00a0\u00a0\u00a0\u00a0\u00a0 por Antonio Ord\u00f3\u00f1ez,\u00a0 nunca olvidado.<\/p>\n<p align=\"left\"><span style=\"font-family: Calibri;\">\u00a0<\/span><\/p>\n<p align=\"left\"><span style=\"font-family: Calibri;\">\u00a0<\/span><\/p>\n","protected":false},"excerpt":{"rendered":"<p>&nbsp; Refulge Ronda en la Feria de Septiembre Se presentaron las Damas Goyescas con la pompa requerida ante los medios de comunicaci\u00f3n encargados de propulsar el vistoso evento a los cuatro vientos. Un acontecimiento rayano en el rito en los d\u00edas finales del verano, cuando ya se asoma en el horizonte la Feria de Septiembre [&hellip;]<\/p>\n","protected":false},"author":27495,"featured_media":0,"comment_status":"open","ping_status":"open","sticky":false,"template":"","format":"standard","meta":[],"categories":[3,19],"tags":[457,922,948],"_links":{"self":[{"href":"https:\/\/blogs.diariosur.es\/avuelapluma\/wp-json\/wp\/v2\/posts\/2644"}],"collection":[{"href":"https:\/\/blogs.diariosur.es\/avuelapluma\/wp-json\/wp\/v2\/posts"}],"about":[{"href":"https:\/\/blogs.diariosur.es\/avuelapluma\/wp-json\/wp\/v2\/types\/post"}],"author":[{"embeddable":true,"href":"https:\/\/blogs.diariosur.es\/avuelapluma\/wp-json\/wp\/v2\/users\/27495"}],"replies":[{"embeddable":true,"href":"https:\/\/blogs.diariosur.es\/avuelapluma\/wp-json\/wp\/v2\/comments?post=2644"}],"version-history":[{"count":0,"href":"https:\/\/blogs.diariosur.es\/avuelapluma\/wp-json\/wp\/v2\/posts\/2644\/revisions"}],"wp:attachment":[{"href":"https:\/\/blogs.diariosur.es\/avuelapluma\/wp-json\/wp\/v2\/media?parent=2644"}],"wp:term":[{"taxonomy":"category","embeddable":true,"href":"https:\/\/blogs.diariosur.es\/avuelapluma\/wp-json\/wp\/v2\/categories?post=2644"},{"taxonomy":"post_tag","embeddable":true,"href":"https:\/\/blogs.diariosur.es\/avuelapluma\/wp-json\/wp\/v2\/tags?post=2644"}],"curies":[{"name":"wp","href":"https:\/\/api.w.org\/{rel}","templated":true}]}}