{"id":2653,"date":"2016-09-17T10:48:34","date_gmt":"2016-09-17T08:48:34","guid":{"rendered":"http:\/\/blogs.diariosur.es\/avuelapluma\/?p=2653"},"modified":"2016-09-17T10:48:34","modified_gmt":"2016-09-17T08:48:34","slug":"mis-viejas-maquinas-de-escribir","status":"publish","type":"post","link":"https:\/\/blogs.diariosur.es\/avuelapluma\/2016\/09\/17\/mis-viejas-maquinas-de-escribir\/","title":{"rendered":"Mis viejas m\u00e1quinas de escribir"},"content":{"rendered":"<p>&nbsp;<\/p>\n<p><a href=\"javascript:;\" rel=\"lightbox\" data-index=\"0\" data-href=\"https:\/\/image.jimcdn.com\/app\/cms\/image\/transf\/dimension=origxorig:format=jpg\/path\/s406981c238d732b4\/image\/i9dedbd18d001d448\/version\/1318199311\/image.jpg\"><img id=\"cc-m-imagesubtitle-image-4896125563\" src=\"https:\/\/image.jimcdn.com\/app\/cms\/image\/transf\/dimension=640x10000:format=jpg\/path\/s406981c238d732b4\/image\/i9dedbd18d001d448\/version\/1318199311\/image.jpg\" alt=\"\" data-pfsrc=\"https:\/\/image.jimcdn.com\/app\/cms\/image\/transf\/dimension=420x10000:format=jpg\/path\/s406981c238d732b4\/image\/i9dedbd18d001d448\/version\/1318199311\/image.jpg\" data-src-width=\"1023\" data-src-height=\"879\" data-src=\"https:\/\/image.jimcdn.com\/app\/cms\/image\/transf\/dimension=420x10000:format=jpg\/path\/s406981c238d732b4\/image\/i9dedbd18d001d448\/version\/1318199311\/image.jpg\" data-image-id=\"3320608163\" \/><\/a><\/p>\n<p>&nbsp;<\/p>\n<p>Mis viejas m\u00e1quinas de escribir<\/p>\n<p>JOS\u00c9 BECERRA<\/p>\n<p>\u00bfD\u00f3nde fueron a parar? \u00bfEn qu\u00e9 obscuro desv\u00e1n o rinc\u00f3n de la casa habitada por familias con miembros que ya sobrepasaron con creces la cincuentena de a\u00f1os duermen el sue\u00f1o eterno, si \u00e9stos no se deshicieron de ellas como un trasto arcaico e in\u00fatil? \u00a1Ah, las viejas m\u00e1quinas de escribir! Fueron imprescindibles en cualquiera oficina que se preciara y asimismo constituy\u00f3\u00a0 el recurso f\u00e1cil para perge\u00f1ar misivas en infinidad de hogares que pod\u00edan permitirse el lujo \u2013 a\u00f1os ha lo era- de su posesi\u00f3n. Hoy son una pieza de museo, avasalladas por las nuevas tecnolog\u00edas a las que se recurre para dejar constancia de esa necesidad de comunicaci\u00f3n con el resto del mundo.<\/p>\n<p>Las arrincon\u00f3 el ordenador, nov\u00edsima herramienta de la que se dispone hoy d\u00eda con infinidad de opciones con las que la vetusta m\u00e1quina de escribir, en su parquedad, no puede competir, as\u00ed que qued\u00f3, como digo, arrumbada y sin posibilidad de resurgir olvidada y menospreciada.<\/p>\n<p>Una junto a la otra duermen el sue\u00f1o de los justos mis tres viejas m\u00e1quinas de escribir que tanto solaz me dieron para tramar mis escritos desde, mediado el pasado siglo, hasta bien entrado el presente. Ahora, de vez en vez, las miro entre nost\u00e1lgico y agradecido, que no en balde soportaron el repiqueteo de mis dedos sobre sus teclados, hoy ajados.<\/p>\n<p>Aqu\u00ed yace la Smith Premier, empleada por m\u00ed en los \u00a0primeros pasos por el mundo de la escritura m\u00e1s all\u00e1 del l\u00e1piz o la plumilla y el papel. Tiene doble teclado, uno para\u00a0 las\u00a0 may\u00fasculas y otro para las min\u00fasculas, los tipos\u00a0 desgastados por el uso, lo que habla a las claras de su antig\u00fcedad, que calibro en los primeros a\u00f1os del pasado siglo. Resisti\u00f3 mejor los embates del tiempo mi Underwoord, compacta y pesada, ya de un solo teclado para ambos tipos de letras. Y muy cerca de ella yace la Hispano Olivetti, port\u00e1til y funcional, cuya existencia enlaz\u00f3 con la fulgurante eclosi\u00f3n de los computadores, los cuales, como digo, acabaron por confinarla sin remisi\u00f3n, junto a sus viejas compa\u00f1eras de funci\u00f3n.<\/p>\n<p>Hay quien todav\u00eda no se resigna a la sustituci\u00f3n de estos vetustos artilugios por los de nuevo cu\u00f1o. Es el caso\u00a0 de Manuel Alc\u00e1ntara, eximio poeta y no menos relevante articulista que todav\u00eda recurre a golpear el teclado de su m\u00e1quina escribir para plasmar en el papel la palabra escrita en su caso siempre amena y sugerente, quiz\u00e1s seducido por su familiar apariencia, lejos de la del\u00a0 ordenador, siempre m\u00e1s fr\u00eda y distante.<\/p>\n<p>Creo que no voy a deshacerme nunca de mis vetustas m\u00e1quinas de escribir. Tienen un lugar preferente all\u00ed donde permanece todo lo que guarda estrecha relaci\u00f3n con mi existencia: guardan\u00a0 recuerdos indelebles en mi memoria. Que sean otros los que se deshagan de ellas, si les parece bien, cuando ya nada pueda disponer por mi cuenta.<\/p>\n","protected":false},"excerpt":{"rendered":"<p>&nbsp; &nbsp; Mis viejas m\u00e1quinas de escribir JOS\u00c9 BECERRA \u00bfD\u00f3nde fueron a parar? \u00bfEn qu\u00e9 obscuro desv\u00e1n o rinc\u00f3n de la casa habitada por familias con miembros que ya sobrepasaron con creces la cincuentena de a\u00f1os duermen el sue\u00f1o eterno, si \u00e9stos no se deshicieron de ellas como un trasto arcaico e in\u00fatil? \u00a1Ah, las [&hellip;]<\/p>\n","protected":false},"author":27495,"featured_media":0,"comment_status":"open","ping_status":"open","sticky":false,"template":"","format":"standard","meta":[],"categories":[17],"tags":[657,883],"_links":{"self":[{"href":"https:\/\/blogs.diariosur.es\/avuelapluma\/wp-json\/wp\/v2\/posts\/2653"}],"collection":[{"href":"https:\/\/blogs.diariosur.es\/avuelapluma\/wp-json\/wp\/v2\/posts"}],"about":[{"href":"https:\/\/blogs.diariosur.es\/avuelapluma\/wp-json\/wp\/v2\/types\/post"}],"author":[{"embeddable":true,"href":"https:\/\/blogs.diariosur.es\/avuelapluma\/wp-json\/wp\/v2\/users\/27495"}],"replies":[{"embeddable":true,"href":"https:\/\/blogs.diariosur.es\/avuelapluma\/wp-json\/wp\/v2\/comments?post=2653"}],"version-history":[{"count":0,"href":"https:\/\/blogs.diariosur.es\/avuelapluma\/wp-json\/wp\/v2\/posts\/2653\/revisions"}],"wp:attachment":[{"href":"https:\/\/blogs.diariosur.es\/avuelapluma\/wp-json\/wp\/v2\/media?parent=2653"}],"wp:term":[{"taxonomy":"category","embeddable":true,"href":"https:\/\/blogs.diariosur.es\/avuelapluma\/wp-json\/wp\/v2\/categories?post=2653"},{"taxonomy":"post_tag","embeddable":true,"href":"https:\/\/blogs.diariosur.es\/avuelapluma\/wp-json\/wp\/v2\/tags?post=2653"}],"curies":[{"name":"wp","href":"https:\/\/api.w.org\/{rel}","templated":true}]}}