{"id":2654,"date":"2016-09-21T09:55:20","date_gmt":"2016-09-21T07:55:20","guid":{"rendered":"http:\/\/blogs.diariosur.es\/avuelapluma\/?p=2654"},"modified":"2016-09-21T09:55:20","modified_gmt":"2016-09-21T07:55:20","slug":"2654","status":"publish","type":"post","link":"https:\/\/blogs.diariosur.es\/avuelapluma\/2016\/09\/21\/2654\/","title":{"rendered":"El esperado paso atr\u00e1s para un Gobierno estable"},"content":{"rendered":"<div><\/div>\n<div>\n<div><a id=\"detail\" title=\"Ver detalles de im\u00e1genes\" href=\"http:\/\/www.bing.com\/images\/search?q=imagenes+de+rajoy+y+sanchez%2c+diariosur&#038;view=detailv2&#038;&#038;id=26B58D83E5428A16E80496FE8DFB9FE8102CD122&#038;selectedIndex=0&#038;ccid=deQIKSGa&#038;simid=608020989197943486&#038;thid=OIP.M75e40829219ac4b5b7c458aac91718ebo0\" rel=\"external nofollow\"><img src=\"\/\/tse1.mm.bing.net\/th?&#038;id=OIP.M75e40829219ac4b5b7c458aac91718ebo0&#038;w=299&#038;h=168&#038;c=0&#038;pid=1.9&#038;rs=0&#038;p=0&#038;r=0\" alt=\"\" data-bm=\"63\" \/><\/a><\/div>\n<div><\/div>\n<div>\n<p>El paso atr\u00e1s esperado para un Gobierno estable<\/p>\n<p><span style=\"font-size: x-small;\">JOS\u00c9 BECERRA<\/span><\/p>\n<p>\u201cDar un paso atr\u00e1s\u201d es una expresi\u00f3n popular con la que se reconoce como un m\u00e9rito de alguien que ante una situaci\u00f3n adversa para \u00e9l o para un hipot\u00e9tico grupo de personas que pueda\u00a0 representar opta por una actitud condescendiente que debe adoptar en beneficio propio y de todos, a\u00fan en menoscabo de sus propios intereses. Pero esta virtud de la que hablamos no parece que la pongan en pr\u00e1ctica los l\u00edderes pol\u00edticos en el\u00a0 momento arduo en el que nos encontramos. No les suscita entusiasmo y es repelida sin miramientos aun a sabiendas que rondamos ya el a\u00f1o sin gobierno y sin que nada haga entrever que nos encaminemos m\u00e1s pronto que tarde a su constituci\u00f3n. \u201dLargo me lo fiais\u2026\u201d, que dir\u00eda Tirso de Molina cuando la espera de algo que se espera se dilata en el tiempo sin asomo de materializarse.<\/p>\n<p>\u201cDar un paso atr\u00e1s\u201d no parece que rece como una palmaria y exigente verdad en el frontispicio de la agenda de deberes y buena conducta de nuestros l\u00edderes principales. Y por fuerza hay que aludir a las dos primeras figuras que hoy se ense\u00f1orean en el panorama pol\u00edtico espa\u00f1ol. S\u00ed, acierta usted, querido lector, en pensar, como no pod\u00eda ser de otra forma, en Rajoy y S\u00e1nchez. El primero, esgrimiendo como una tabla de salvaci\u00f3n para \u00e9l y su partido, el derecho a presidir el Gobierno por el n\u00famero de votos y esca\u00f1os obtenidos en las \u00faltimas elecciones, olvidando que esta condici\u00f3n no es v\u00e1lida para un sistema pol\u00edtico parlamentario y no presidencialista. Y luego cuentan (\u00a1y de qu\u00e9 manera!) los casos de hedor que exhalan de su partido; los \u00faltimos, los que ata\u00f1en al exministro Soria y Rita Barber\u00e1, la otrora poderosa alcaldesa de Valencia. Tufillo que se acrecienta en lo cualitativo en lo que toca a la Junta de Andaluc\u00eda y sus m\u00e1ximos gerifaltes, a saber Chaves y Gri\u00f1\u00e1n, enjuiciados y condenados recientemente por los ERE fraudulentos, ahora en el disparadero de la actualidad. Es decir, que ambos partidos tienen razones para callar y no flagelar sin conmiseraci\u00f3n al adversario.<\/p>\n<p>Resultado de este conflicto latente es la imposibilidad de que se forme un Gobierno estable por las intransigencias de unos y otros y el bloqueo \u00a0inmutable consiguiente. Una situaci\u00f3n, que de alargarse en el tiempo, algo que cabe esperar dado las actitudes irresolutas de l\u00edderes obtusos en dar ese paso atr\u00e1s que muchos esperan, tanto dentro como fuera de sus respectivos partidos, no puede sino acarrearnos perjuicios que ya vienen aflorando y que competen a la econom\u00eda (ya ralentizada a ojos vista, a decir de Guindos), y de rebote, al desempleo, las pensiones y las remesas pecuniarias \u00a0a Autonom\u00edas y Corporaciones locales para solventar sus posibles d\u00e9ficits y a las relaciones con Europa, que no son asuntos menores.<\/p>\n<p>As\u00ed que, con todo el candor del mundo, seguros de que es no retroceder\u00e1n en su empe\u00f1o, se podr\u00eda pedir\u00a0 que tanto Rajoy como S\u00e1nchez diesen ese anhelado\u00a0paso atr\u00e1s y sean otros los que dirijan desde la m\u00e1s alta administraci\u00f3n del Estado la urgente operaci\u00f3n de sacarnos del horr\u00edsono \u00a0socav\u00f3n en el que el pa\u00eds se encuentra sin visos de salir de \u00e9l por el momento por mor de la obcecaci\u00f3n de ambos. El esperado paso atr\u00e1s sigue en el aire sin cuajar irremisiblemente.<\/p>\n<p align=\"left\">\n<\/div>\n<\/div>\n","protected":false},"excerpt":{"rendered":"<p>El paso atr\u00e1s esperado para un Gobierno estable JOS\u00c9 BECERRA \u201cDar un paso atr\u00e1s\u201d es una expresi\u00f3n popular con la que se reconoce como un m\u00e9rito de alguien que ante una situaci\u00f3n adversa para \u00e9l o para un hipot\u00e9tico grupo de personas que pueda\u00a0 representar opta por una actitud condescendiente que debe adoptar en beneficio [&hellip;]<\/p>\n","protected":false},"author":27495,"featured_media":0,"comment_status":"open","ping_status":"open","sticky":false,"template":"","format":"standard","meta":[],"categories":[18],"tags":[430,629,832],"_links":{"self":[{"href":"https:\/\/blogs.diariosur.es\/avuelapluma\/wp-json\/wp\/v2\/posts\/2654"}],"collection":[{"href":"https:\/\/blogs.diariosur.es\/avuelapluma\/wp-json\/wp\/v2\/posts"}],"about":[{"href":"https:\/\/blogs.diariosur.es\/avuelapluma\/wp-json\/wp\/v2\/types\/post"}],"author":[{"embeddable":true,"href":"https:\/\/blogs.diariosur.es\/avuelapluma\/wp-json\/wp\/v2\/users\/27495"}],"replies":[{"embeddable":true,"href":"https:\/\/blogs.diariosur.es\/avuelapluma\/wp-json\/wp\/v2\/comments?post=2654"}],"version-history":[{"count":0,"href":"https:\/\/blogs.diariosur.es\/avuelapluma\/wp-json\/wp\/v2\/posts\/2654\/revisions"}],"wp:attachment":[{"href":"https:\/\/blogs.diariosur.es\/avuelapluma\/wp-json\/wp\/v2\/media?parent=2654"}],"wp:term":[{"taxonomy":"category","embeddable":true,"href":"https:\/\/blogs.diariosur.es\/avuelapluma\/wp-json\/wp\/v2\/categories?post=2654"},{"taxonomy":"post_tag","embeddable":true,"href":"https:\/\/blogs.diariosur.es\/avuelapluma\/wp-json\/wp\/v2\/tags?post=2654"}],"curies":[{"name":"wp","href":"https:\/\/api.w.org\/{rel}","templated":true}]}}