{"id":2661,"date":"2016-09-29T12:06:40","date_gmt":"2016-09-29T10:06:40","guid":{"rendered":"http:\/\/blogs.diariosur.es\/avuelapluma\/?p=2661"},"modified":"2016-09-29T12:06:40","modified_gmt":"2016-09-29T10:06:40","slug":"el-psoe-a-la-deriva","status":"publish","type":"post","link":"https:\/\/blogs.diariosur.es\/avuelapluma\/2016\/09\/29\/el-psoe-a-la-deriva\/","title":{"rendered":"El PSOE a la deriva"},"content":{"rendered":"<div><a title=\"Buscar im\u00e1genes de fotos de pedro sanchez\" href=\"http:\/\/www.bing.com\/images\/search?q=fotos+de+pedro+sanchez&#038;id=8B21BDACC7CD49BFCFDDF1693B70D58392D21F7A&#038;FORM=IQFRBA\" rel=\"external nofollow\"><img loading=\"lazy\" id=\"emb21C36DD7B\" src=\"\/\/tse1.mm.bing.net\/th?id=OIP.Mfdb6f89924ff1f7f348d919e7c9d5541o0&#038;w=181&#038;h=105&#038;c=7&#038;rs=1&#038;qlt=90&#038;pid=3.1&#038;rm=2\" alt=\"Resultado de im\u00e1genes de fotos de pedro sanchez\" width=\"181\" height=\"105\" data-src-hq=\"http:\/\/tse1.mm.bing.net\/th?id=OIP.Mfdb6f89924ff1f7f348d919e7c9d5541o0&#038;w=181&#038;h=105&#038;c=7&#038;rs=1&#038;qlt=90&#038;pid=3.1&#038;rm=2\" data-bm=\"27\" \/><\/a><\/div>\n<div>\n<p>El PSOE a la deriva<\/p>\n<p>JOS\u00c9 BECERRA<\/p>\n<p>Los resultados obtenidos en los comicios gallegos y vascos de la formaci\u00f3n pol\u00edtica que comanda Pedro S\u00e1nchez\u00a0 no pod\u00edan ser m\u00e1s catastr\u00f3ficos. Ha sido vapuleada a ojos vista y es algo que el secretario general del partido tendr\u00eda que hac\u00e9rselo mirar antes de proseguir en su enquistada actitud del \u201cno es no\u201d a Rajoy y al partido que, por el contrario del suyo, ha obtenido el benepl\u00e1cito de los votantes en ambas circunscripciones respectivas. Era de suponer que el quebranto le har\u00eda bajar la cerviz y dejar\u00eda de poner piedras en el camino del PSOE, un partido constitucionalista con muchos a\u00f1os honrosos &#8211; m\u00e1s de\u00a0 130- a sus espaldas, que gobern\u00f3 Espa\u00f1a durante muchos a\u00f1os, que trajo igualdad, bienestar y nos meti\u00f3 de lleno en la Uni\u00f3n Europea, entre otras contribuciones pol\u00edticas, econ\u00f3micas y sociales que est\u00e1n en la mente de todos, y que con luces y sombras, nadie discute. Pero no ha ocurrido as\u00ed, como vemos<\/p>\n<p>He \u00a0aqu\u00ed que S\u00e1nchez, sin amilanarse, no es que no dimita sino que sigue impert\u00e9rrito en su idea de formar gobierno acudiendo a Podemos y los independentistas catalanes. Mientras tanto crujen las arboladuras de la nave socialista a punto de naufragar en el mar de los Sargazos en el que se encuentra, sumida en el marasmo que le impide avanzar o retroceder en el trance.<\/p>\n<p>No solo no se desalienta S\u00e1nchez ante el batacazo electoral\u00a0 sino que arremete contra la vieja guardia socialista que de forma clara o <em> sotto voce <\/em>le vienen indicando un d\u00eda s\u00ed y otro tambi\u00e9n la salida como secretario general. Pide que el Comit\u00e9 Federal del partido, el \u00f3rgano no va m\u00e1s entre congresos, se celebre el primer d\u00eda del pr\u00f3ximo octubre y reclama la celebraci\u00f3n de unas primarias para elegir secretario general, a las cuales \u00e9l se presentar\u00eda, con el convencimiento que el grueso de la militancia seguir\u00eda prorrog\u00e1ndole el mandato <em>sine die. <\/em><\/p>\n<p>El enfrentamiento de S\u00e1nchez con los barones de su partido se intensificar\u00e1 sin la menor duda. Temen \u00a0que su \u00a0intransigencia no haga sino acelerar la descomposici\u00f3n del PSOE promovida por sus ambiciones personales y narcisismo a ultranza.<\/p>\n<p>Se necesita la remontada del socialismo, ahora en horas bajas, para retomar la firme oposici\u00f3n a Rajoy y los populares en el todav\u00eda hipot\u00e9tico Gobierno que \u00e9stos puedan constituir, subvirtiendo as\u00ed las ambiciones de otros partidos extravagantes que no har\u00edan sino sumirnos en la desaz\u00f3n. Y S\u00e1nchez no deber\u00eda poner trabas para su consecuci\u00f3n, permitiendo que vengan otros miembros\u00a0autorizados del partido\u00a0para enderezar\u00a0la deriva a ninguna parte de su partido.<\/p>\n<\/div>\n","protected":false},"excerpt":{"rendered":"<p>El PSOE a la deriva JOS\u00c9 BECERRA Los resultados obtenidos en los comicios gallegos y vascos de la formaci\u00f3n pol\u00edtica que comanda Pedro S\u00e1nchez\u00a0 no pod\u00edan ser m\u00e1s catastr\u00f3ficos. Ha sido vapuleada a ojos vista y es algo que el secretario general del partido tendr\u00eda que hac\u00e9rselo mirar antes de proseguir en su enquistada actitud [&hellip;]<\/p>\n","protected":false},"author":27495,"featured_media":0,"comment_status":"open","ping_status":"open","sticky":false,"template":"","format":"standard","meta":[],"categories":[3,18],"tags":[300,865,935],"_links":{"self":[{"href":"https:\/\/blogs.diariosur.es\/avuelapluma\/wp-json\/wp\/v2\/posts\/2661"}],"collection":[{"href":"https:\/\/blogs.diariosur.es\/avuelapluma\/wp-json\/wp\/v2\/posts"}],"about":[{"href":"https:\/\/blogs.diariosur.es\/avuelapluma\/wp-json\/wp\/v2\/types\/post"}],"author":[{"embeddable":true,"href":"https:\/\/blogs.diariosur.es\/avuelapluma\/wp-json\/wp\/v2\/users\/27495"}],"replies":[{"embeddable":true,"href":"https:\/\/blogs.diariosur.es\/avuelapluma\/wp-json\/wp\/v2\/comments?post=2661"}],"version-history":[{"count":0,"href":"https:\/\/blogs.diariosur.es\/avuelapluma\/wp-json\/wp\/v2\/posts\/2661\/revisions"}],"wp:attachment":[{"href":"https:\/\/blogs.diariosur.es\/avuelapluma\/wp-json\/wp\/v2\/media?parent=2661"}],"wp:term":[{"taxonomy":"category","embeddable":true,"href":"https:\/\/blogs.diariosur.es\/avuelapluma\/wp-json\/wp\/v2\/categories?post=2661"},{"taxonomy":"post_tag","embeddable":true,"href":"https:\/\/blogs.diariosur.es\/avuelapluma\/wp-json\/wp\/v2\/tags?post=2661"}],"curies":[{"name":"wp","href":"https:\/\/api.w.org\/{rel}","templated":true}]}}