{"id":2663,"date":"2016-10-03T10:00:48","date_gmt":"2016-10-03T08:00:48","guid":{"rendered":"http:\/\/blogs.diariosur.es\/avuelapluma\/?p=2663"},"modified":"2016-10-03T10:00:48","modified_gmt":"2016-10-03T08:00:48","slug":"carreteras-de-la-serrania-abandonadas-a-su-suerte","status":"publish","type":"post","link":"https:\/\/blogs.diariosur.es\/avuelapluma\/2016\/10\/03\/carreteras-de-la-serrania-abandonadas-a-su-suerte\/","title":{"rendered":"Carreteras de la Serran\u00eda abandonadas a su suerte"},"content":{"rendered":"<p align=\"left\">\n<p align=\"left\"><a id=\"detail\" title=\"Ver detalles de im\u00e1genes\" href=\"http:\/\/www.bing.com\/images\/search?q=fotos+de+carreteras+de+la+serran%c3%ada&#038;view=detailv2&#038;&#038;id=547AECA3C0586DBBB56261F081C5717F7705C584&#038;selectedIndex=0&#038;ccid=D0INWaN1&#038;simid=608027530451684716&#038;thid=OIP.M0f420d59a3753c773a604268934cfa77o0\" rel=\"external nofollow\"><img src=\"\/\/tse1.mm.bing.net\/th?&#038;id=OIP.M0f420d59a3753c773a604268934cfa77o0&#038;w=300&#038;h=225&#038;c=0&#038;pid=1.9&#038;rs=0&#038;p=0&#038;r=0\" alt=\"\" \/><\/a><\/p>\n<p align=\"left\">\n<p align=\"left\">Carreteras de la Serran\u00eda abandonadas a su suerte<\/p>\n<p align=\"left\">Es lo que se desprenden de las afirmaciones emitidas d\u00edas atr\u00e1s por el parlamentario auton\u00f3mico F\u00e9lix Rodr\u00edguez y de la portavoz del PP de Ronda, Mari Paz Fern\u00e1ndez, \u00e9sta hasta hace poco tiempo alcaldesa de la ciudad, pero desbancada\u00a0 por la socialista Teresa Valdenegro tras una moci\u00f3n de censura presentada algunos meses atr\u00e1s con el apoyo de IU y PA. Recurren \u00a0al vocablo \u201cescarnio\u201d para censurar la actitud\u00a0 de la Junta contra la vecindad de la comarca. La acusan de, cuando menos, \u00a0despreocupaci\u00f3n y olvido fragrante en lo que ata\u00f1e a la mejora de las comunicaciones por carretera de la comarca en un plan perge\u00f1ado recientemente y que alude a la Sostenibilidad del Transporte en Andaluc\u00eda para la d\u00e9cada de los a\u00f1os 20 del siglo que ya est\u00e1n casi a la vuelta de la esquina.<\/p>\n<p align=\"left\">\u00a0\u00a0 Puede que la oposici\u00f3n en el Consistorio haya cargado las tintas en esta cuesti\u00f3n, pero mirando desapasionadamente la situaci\u00f3n de muchas de nuestras carreteras comarcales indefectiblemente se llega a esa conclusi\u00f3n. Salvo la terminaci\u00f3n de las obras de la variante de Arriate, largamente aplazada, y que ahora parece que va a llegar a buen puerto a ra\u00edz del anuncio de la Junta de invertir 290 millones de euros para reactivar proyectos que dorm\u00edan el sue\u00f1o de los justos, brillan en por su ausencia, a tenor de lo que la oposici\u00f3n en el Ayuntamiento de Ronda informa, el proyecto de la autov\u00eda Ronda-Antequera, junto al de la terminaci\u00f3n de la v\u00eda que vendr\u00eda a unir Gauc\u00edn con la provincia de C\u00e1diz, y el de restaurar la fluidez de la circulaci\u00f3n por la traves\u00eda, hasta ahora precaria, de la carretera de San Pedro, que une a la comarca con la Costa del Sol.<\/p>\n<p align=\"left\">\u00a0\u00a0\u00a0 El PP reitera la desidia de la Junta en lo que toca a las\u00a0 v\u00edas de la comarca ronde\u00f1a y se compromete a presentar batalla para que sean incluidas en el plan que se acaba de aprobar. Acude a los partidos que sientan sus reales en los pueblos comarcales para que todos a una, y contando con los ayuntamientos y la vecindad afectada, alcen la voz para que suene alta y clara en el Parlamento Andaluz. A ver si se enteran de que arrastramos en lo que a infraestructuras y comunicaciones se refiere un quebranto notorio que coarta su desarrollo provocando\u00a0 una despoblaci\u00f3n manifiesta que redunda \u00a0\u00a0en lo econ\u00f3mico y social de manera ostensible y alarmante. Algo que testimonios autorizados recientes no han dudado en poner negro sobre blanco.<\/p>\n<p align=\"left\">\n","protected":false},"excerpt":{"rendered":"<p>Carreteras de la Serran\u00eda abandonadas a su suerte Es lo que se desprenden de las afirmaciones emitidas d\u00edas atr\u00e1s por el parlamentario auton\u00f3mico F\u00e9lix Rodr\u00edguez y de la portavoz del PP de Ronda, Mari Paz Fern\u00e1ndez, \u00e9sta hasta hace poco tiempo alcaldesa de la ciudad, pero desbancada\u00a0 por la socialista Teresa Valdenegro tras una moci\u00f3n [&hellip;]<\/p>\n","protected":false},"author":27495,"featured_media":0,"comment_status":"open","ping_status":"open","sticky":false,"template":"","format":"standard","meta":[],"categories":[21],"tags":[36,190],"_links":{"self":[{"href":"https:\/\/blogs.diariosur.es\/avuelapluma\/wp-json\/wp\/v2\/posts\/2663"}],"collection":[{"href":"https:\/\/blogs.diariosur.es\/avuelapluma\/wp-json\/wp\/v2\/posts"}],"about":[{"href":"https:\/\/blogs.diariosur.es\/avuelapluma\/wp-json\/wp\/v2\/types\/post"}],"author":[{"embeddable":true,"href":"https:\/\/blogs.diariosur.es\/avuelapluma\/wp-json\/wp\/v2\/users\/27495"}],"replies":[{"embeddable":true,"href":"https:\/\/blogs.diariosur.es\/avuelapluma\/wp-json\/wp\/v2\/comments?post=2663"}],"version-history":[{"count":0,"href":"https:\/\/blogs.diariosur.es\/avuelapluma\/wp-json\/wp\/v2\/posts\/2663\/revisions"}],"wp:attachment":[{"href":"https:\/\/blogs.diariosur.es\/avuelapluma\/wp-json\/wp\/v2\/media?parent=2663"}],"wp:term":[{"taxonomy":"category","embeddable":true,"href":"https:\/\/blogs.diariosur.es\/avuelapluma\/wp-json\/wp\/v2\/categories?post=2663"},{"taxonomy":"post_tag","embeddable":true,"href":"https:\/\/blogs.diariosur.es\/avuelapluma\/wp-json\/wp\/v2\/tags?post=2663"}],"curies":[{"name":"wp","href":"https:\/\/api.w.org\/{rel}","templated":true}]}}