{"id":2679,"date":"2016-10-21T12:42:20","date_gmt":"2016-10-21T10:42:20","guid":{"rendered":"http:\/\/blogs.diariosur.es\/avuelapluma\/?p=2679"},"modified":"2016-10-21T12:42:20","modified_gmt":"2016-10-21T10:42:20","slug":"ronda-contra-la-enfermedad-de-alzheimer","status":"publish","type":"post","link":"https:\/\/blogs.diariosur.es\/avuelapluma\/2016\/10\/21\/ronda-contra-la-enfermedad-de-alzheimer\/","title":{"rendered":"Ronda contra la enfermedad de Alzheimer"},"content":{"rendered":"<p align=\"left\"><a title=\"Buscar im\u00e1genes de imagenes de alzheimer\" href=\"http:\/\/www.bing.com\/images\/search?q=imagenes+de+alzheimer&#038;id=75B0D67DADCE63CCAD9E17040B7540AED4922785&#038;FORM=IQFRBA\" rel=\"external nofollow\"><img loading=\"lazy\" id=\"emb3791649F8\" src=\"\/\/tse1.mm.bing.net\/th?id=OIP.M80f9701e194b43161fee80b7b50074ado0&#038;w=120&#038;h=105&#038;c=8&#038;rs=1&#038;qlt=90&#038;pid=3.1&#038;rm=2\" alt=\"Resultado de im\u00e1genes de imagenes de alzheimer\" width=\"120\" height=\"105\" data-bm=\"32\" data-src-hq=\"http:\/\/tse1.mm.bing.net\/th?id=OIP.M80f9701e194b43161fee80b7b50074ado0&#038;w=120&#038;h=105&#038;c=8&#038;rs=1&#038;qlt=90&#038;pid=3.1&#038;rm=2\" \/><\/a><\/p>\n<p align=\"left\">Ronda contra la enfermedad de Alzheimer<\/p>\n<p align=\"left\">\u00a0Jos\u00e9 Becerra-G\u00f3mez<\/p>\n<p align=\"left\">Se\u00a0celebr\u00f3 el d\u00eda mundial de la enfermedad de Alzheimer descrita por primera vez en el a\u00f1o 1906. Ha transcurrido m\u00e1s de \u00a0un siglo y esta dolencia, pese a las investigaciones que se vienen realizando, sigue siendo incurable.<\/p>\n<p align=\"left\">\u00a0\u00a0 En Ronda y su comarca, como por desgracia, en muchos otros muchos lugares de la provincia y Espa\u00f1a (25 millones de pacientes en el mundo), la enfermedad de Alzheimer extiende sus tent\u00e1culos e invade infinidad de hogares, en los cuales, sus moradores cuidan a los enfermos de los embates \u00a0que anula por completo la personalidad de quienes la padecen. Este padecimiento que no perdona a la longevidad ya que es en los a\u00f1os postreros de la existencia cuando hace acto de presencia, sumerge a los afectados en un mundo tenebroso del que es, no pocas veces, imposible salir. Cuando las c\u00e9lulas nerviosas o neuronas van muriendo el cerebro sufre paulatinamente el quebranto de la memoria. Todo se trastoca en aqu\u00e9l con este acoso degenerativo a la remembranza que se traduce en la p\u00e9rdida paulatina de la orientaci\u00f3n, el juicio o el lenguaje. La vida diaria del afectado merma, cuando no aniquila, la continuidad\u00a0 en las actividades normales hasta ese momento. En definitiva, se anula la capacidad memor\u00edstica \u00a0y el paciente pierde su singularidad y con ello su ausencia del acontecer diario de la existencia a su alrededor. Es lo que nos dicen\u00a0 fuentes m\u00e9dicas autorizadas, que, no obstante, no cierran las puertas a la esperanza de que se pueda llegar a remedios paliativos a la virulencia actual.<\/p>\n<p align=\"left\">\u00a0\u00a0\u00a0 Por ahora no deja de ser un drama familiar al que est\u00e1 haciendo frente una asociaci\u00f3n ronde\u00f1a (AROAL), que viene tendiendo la mano a las familias que cuentan entre sus miembros con un enfermo de este implacable mal. Sus componentes, con enfermos en el seno familiar, se marcaron el objetivo de concienciar a la poblaci\u00f3n ronde\u00f1a de la existencia de esta enfermedad y sus terribles secuelas. Con inimaginables esfuerzo lograron abrir un centro para convivencias entre familias afectadas af\u00edn de intercambiar experiencias y ayudar a los enfermos a aminorar el deterioro de sus capacidades cognoscitivas, a la vez que el mutuo apoyo para sobrellevar, comparti\u00e9ndolo, la labor de los familiares en hacer la vida m\u00e1s amable a los afectados.<\/p>\n<p align=\"left\">\u00a0\u00a0\u00a0 AROAL es hoy por hoy una realidad que ha venido a llenar un vac\u00edo existente en Ronda en torno al Alzheimer. No deben escatimarse ayudas que desde las administraciones p\u00fablicas vengan a parar a esta Asociaci\u00f3n sin el menor atisbo de lucro. Desde ella presentan batalla altruistamente a la enfermedad y prestan inestimable ayuda a las familias afectadas. Una labor que merece todo el reconocimiento de la ciudadan\u00eda y un loable empe\u00f1o que exige ser secundado.<\/p>\n","protected":false},"excerpt":{"rendered":"<p>Ronda contra la enfermedad de Alzheimer \u00a0Jos\u00e9 Becerra-G\u00f3mez Se\u00a0celebr\u00f3 el d\u00eda mundial de la enfermedad de Alzheimer descrita por primera vez en el a\u00f1o 1906. Ha transcurrido m\u00e1s de \u00a0un siglo y esta dolencia, pese a las investigaciones que se vienen realizando, sigue siendo incurable. \u00a0\u00a0 En Ronda y su comarca, como por desgracia, en [&hellip;]<\/p>\n","protected":false},"author":27495,"featured_media":0,"comment_status":"open","ping_status":"open","sticky":false,"template":"","format":"standard","meta":[],"categories":[21],"tags":[82,945],"_links":{"self":[{"href":"https:\/\/blogs.diariosur.es\/avuelapluma\/wp-json\/wp\/v2\/posts\/2679"}],"collection":[{"href":"https:\/\/blogs.diariosur.es\/avuelapluma\/wp-json\/wp\/v2\/posts"}],"about":[{"href":"https:\/\/blogs.diariosur.es\/avuelapluma\/wp-json\/wp\/v2\/types\/post"}],"author":[{"embeddable":true,"href":"https:\/\/blogs.diariosur.es\/avuelapluma\/wp-json\/wp\/v2\/users\/27495"}],"replies":[{"embeddable":true,"href":"https:\/\/blogs.diariosur.es\/avuelapluma\/wp-json\/wp\/v2\/comments?post=2679"}],"version-history":[{"count":0,"href":"https:\/\/blogs.diariosur.es\/avuelapluma\/wp-json\/wp\/v2\/posts\/2679\/revisions"}],"wp:attachment":[{"href":"https:\/\/blogs.diariosur.es\/avuelapluma\/wp-json\/wp\/v2\/media?parent=2679"}],"wp:term":[{"taxonomy":"category","embeddable":true,"href":"https:\/\/blogs.diariosur.es\/avuelapluma\/wp-json\/wp\/v2\/categories?post=2679"},{"taxonomy":"post_tag","embeddable":true,"href":"https:\/\/blogs.diariosur.es\/avuelapluma\/wp-json\/wp\/v2\/tags?post=2679"}],"curies":[{"name":"wp","href":"https:\/\/api.w.org\/{rel}","templated":true}]}}