{"id":2683,"date":"2016-10-25T11:02:07","date_gmt":"2016-10-25T09:02:07","guid":{"rendered":"http:\/\/blogs.diariosur.es\/avuelapluma\/?p=2683"},"modified":"2016-10-25T11:02:07","modified_gmt":"2016-10-25T09:02:07","slug":"farajan-naturaleza-viva","status":"publish","type":"post","link":"https:\/\/blogs.diariosur.es\/avuelapluma\/2016\/10\/25\/farajan-naturaleza-viva\/","title":{"rendered":"Faraj\u00e1n, naturaleza viva"},"content":{"rendered":"<p><strong>\u00a0<a title=\"Buscar im\u00e1genes de fotos de chorreras de Faraj\u00e1n\" href=\"http:\/\/www.bing.com\/images\/search?q=fotos+de+chorreras+de+Faraj%c3%a1n&#038;id=26627F45A7346EED2BACA0367B184691C9D2CD36&#038;FORM=IQFRBA\" rel=\"external nofollow\"><img loading=\"lazy\" id=\"emb9395CE561\" src=\"\/\/tse1.mm.bing.net\/th?id=OIP.M795b73f0560dc77db9baa0fbf0988c45o0&#038;w=146&#038;h=105&#038;c=8&#038;rs=1&#038;qlt=90&#038;pid=3.1&#038;rm=2\" alt=\"Resultado de im\u00e1genes de fotos de chorreras de Faraj\u00e1n\" width=\"146\" height=\"105\" data-src-hq=\"http:\/\/tse1.mm.bing.net\/th?id=OIP.M795b73f0560dc77db9baa0fbf0988c45o0&#038;w=146&#038;h=105&#038;c=8&#038;rs=1&#038;qlt=90&#038;pid=3.1&#038;rm=2\" data-bm=\"34\" \/><\/a><\/strong><\/p>\n<p><strong>Faraj\u00e1n, naturaleza viva<\/strong><\/p>\n<p>Jos\u00e9 Becerra-G\u00f3mez<\/p>\n<p><strong>\u00a0<\/strong><\/p>\n<p><strong>La Serran\u00eda de Ronda como comarca no nos dejar\u00e1 nunca indiferente si es que nos aventuramos a recorrerla por lo menos en lo que toca al \u00e1mbito de sus pueblos m\u00e1s se\u00f1eros. Pueblecitos apartados de la vor\u00e1gine de las ciudades, que no se enervan por sue\u00f1os y olvidos de siglos, pero que no se resignan a permanecer en la inopia que pueden acarrearles el desconocimiento por parte de las comarcas y regiones que los circundan a mayor o menor proximidad de su caser\u00edo o t\u00e9rmino municipal.<\/strong><\/p>\n<p><strong>\u00a0\u00a0 La historia del valle del Genal, en cuyo margen derecho sienta sus reales Faraj\u00e1n, no puede entenderse plenamente sin la hacer \u00a0menci\u00f3n expresa de este pueblo, el cual ya en la \u00e9poca en que la Media Luna extend\u00eda sus dominios por el sur peninsular, se conoc\u00eda como \u201chermoso\u201d o \u201cdeleitoso\u201d si hacemos caso a la transcripci\u00f3n de su nombre isl\u00e1mico (<em>farhan<\/em>). Los moriscos all\u00ed asentados tomaron parte activa las sublevaciones del siglo XVI, siendo luego expulsados de sus dominios, suceso b\u00e9lico que supuso el abandono del pueblo y consecutiva repoblaci\u00f3n por partes de los huestes cristianas.<\/strong><\/p>\n<p><strong>\u00a0Las casas ascienden en calles estrechas y empinadas concediendo calor humano a los terrenos que suben hasta los montes Jard\u00f3n\u00a0 y Romeral partiendo desde los cauces del rio. En esos terrenos se encontraron restos arqueol\u00f3gicos relevantes como es el caso del Dolmen que lleva el nombre del collado, am\u00e9n de restos de antiqu\u00edsimas haciendas morunas como las de Balestar y Majada del Juez. De pasada merecen atenci\u00f3n la iglesia levantada bajo la advocaci\u00f3n de la Virgen del Rosario levantada en 1505, remodelada a conciencia en los siglos posteriores respetando siempre el porte mud\u00e9jar de su estructura.<\/strong><\/p>\n<p><strong>\u00a0\u00a0\u00a0 Pero hoy de lo que toca hablar es de las dos Chorreras de Balestar, un imponente paraje que tiene como eje el tropel de aguas desatadas y desbordadas desde una altura de m\u00e1s de 20 metros que vienen a crear un burbujeante asiento sobre las rocas. Amansado el l\u00edquido elemento precipitado por la superficie k\u00e1rstica desciende por acequias labradas en la roca viva para regar predios y huertos en\u00a0 bancales desde tiempo inmemorial hasta hoy mismo. Un paisaje campestre pleno\u00a0 de vida y color concedido por una Naturaleza viva y cambiante que provoca una constante mutaci\u00f3n provocada por el \u00a0transcurso de las horas del d\u00eda.<\/strong><\/p>\n<p><strong>\u00a0\u00a0 Merced a la colaboraci\u00f3n mutua de Ayuntamiento y vecindad propietaria de terrenos anejos al arroyo y chorreras de Balestar se est\u00e1n disponiendo senderos y accesos para recreo de los que se acercan a sus aleda\u00f1os. Un aliciente que viene a potenciar el turismo rural que se est\u00e1 tomando muy en serio en Faraj\u00e1n por los dividendos que pueden aportarle. No hay que echar en saco roto que el pueblo forma parte de unos de los jalones que forman la ruta del beatificado fray \u00a0Leopoldo de Alpandeire, venerado con fervor en toda la Serran\u00eda de Ronda.<\/strong><\/p>\n<p><strong>\u00a0<\/strong><\/p>\n","protected":false},"excerpt":{"rendered":"<p>\u00a0 Faraj\u00e1n, naturaleza viva Jos\u00e9 Becerra-G\u00f3mez \u00a0 La Serran\u00eda de Ronda como comarca no nos dejar\u00e1 nunca indiferente si es que nos aventuramos a recorrerla por lo menos en lo que toca al \u00e1mbito de sus pueblos m\u00e1s se\u00f1eros. Pueblecitos apartados de la vor\u00e1gine de las ciudades, que no se enervan por sue\u00f1os y olvidos [&hellip;]<\/p>\n","protected":false},"author":27495,"featured_media":0,"comment_status":"open","ping_status":"open","sticky":false,"template":"","format":"standard","meta":[],"categories":[21],"tags":[227,453,958],"_links":{"self":[{"href":"https:\/\/blogs.diariosur.es\/avuelapluma\/wp-json\/wp\/v2\/posts\/2683"}],"collection":[{"href":"https:\/\/blogs.diariosur.es\/avuelapluma\/wp-json\/wp\/v2\/posts"}],"about":[{"href":"https:\/\/blogs.diariosur.es\/avuelapluma\/wp-json\/wp\/v2\/types\/post"}],"author":[{"embeddable":true,"href":"https:\/\/blogs.diariosur.es\/avuelapluma\/wp-json\/wp\/v2\/users\/27495"}],"replies":[{"embeddable":true,"href":"https:\/\/blogs.diariosur.es\/avuelapluma\/wp-json\/wp\/v2\/comments?post=2683"}],"version-history":[{"count":0,"href":"https:\/\/blogs.diariosur.es\/avuelapluma\/wp-json\/wp\/v2\/posts\/2683\/revisions"}],"wp:attachment":[{"href":"https:\/\/blogs.diariosur.es\/avuelapluma\/wp-json\/wp\/v2\/media?parent=2683"}],"wp:term":[{"taxonomy":"category","embeddable":true,"href":"https:\/\/blogs.diariosur.es\/avuelapluma\/wp-json\/wp\/v2\/categories?post=2683"},{"taxonomy":"post_tag","embeddable":true,"href":"https:\/\/blogs.diariosur.es\/avuelapluma\/wp-json\/wp\/v2\/tags?post=2683"}],"curies":[{"name":"wp","href":"https:\/\/api.w.org\/{rel}","templated":true}]}}