{"id":2685,"date":"2016-10-29T11:52:53","date_gmt":"2016-10-29T09:52:53","guid":{"rendered":"http:\/\/blogs.diariosur.es\/avuelapluma\/?p=2685"},"modified":"2016-10-29T11:52:53","modified_gmt":"2016-10-29T09:52:53","slug":"los-pensionistas-en-un-brete","status":"publish","type":"post","link":"https:\/\/blogs.diariosur.es\/avuelapluma\/2016\/10\/29\/los-pensionistas-en-un-brete\/","title":{"rendered":"Los pensionistas en un brete"},"content":{"rendered":"<p><a title=\"Buscar im\u00e1genes de im\u00e1genes de pensionistas\" href=\"http:\/\/www.bing.com\/images\/search?q=im%c3%a1genes+de+pensionistas&#038;id=DB30130F24761DFA55599BA0C2E724E8390B46A6&#038;FORM=IQFRBA\" rel=\"external nofollow\"><img loading=\"lazy\" id=\"emb301EDB433\" src=\"\/\/tse1.mm.bing.net\/th?id=OIP.M70195e9e4609dee2fd03b5c464d3cb14o0&#038;w=105&#038;h=110&#038;c=8&#038;rs=1&#038;qlt=90&#038;pid=3.1&#038;rm=2\" alt=\"Resultado de im\u00e1genes de im\u00e1genes de pensionistas\" width=\"105\" height=\"110\" data-bm=\"28\" data-src-hq=\"http:\/\/tse1.mm.bing.net\/th?id=OIP.M70195e9e4609dee2fd03b5c464d3cb14o0&#038;w=105&#038;h=110&#038;c=8&#038;rs=1&#038;qlt=90&#038;pid=3.1&#038;rm=2\" \/><\/a><\/p>\n<p>&nbsp;<\/p>\n<p>&nbsp;<\/p>\n<p><strong>Los pensionistas en un brete<\/strong><\/p>\n<p><strong><span style=\"font-size: x-small;\">JOS\u00c9 BECERRA-G\u00d3MEZ<\/span><\/strong><\/p>\n<p><strong>\u00a0<\/strong><\/p>\n<p><strong>Asusta con la rotundidad que se viene afirmando en los \u00faltimos d\u00edas que en el plazo de un a\u00f1o mal contado \u2013Diciembre de 2017, para ser m\u00e1s exacto \u2013 se habr\u00e1 agotado el fondo de las huchas de las pensiones. En otras palabras m\u00e1s crudas e hirientes,\u00a0 que cobraremos la paga extra de Navidad de este a\u00f1o que ha iniciado su recta final hacia el ocaso, pero que no se sabe si la pr\u00f3xima vendr\u00e1 a aliviar nuestros maltrechos bolsillos de pensionistas. Se nos ha cuajado la sangre en el cuerpo al o\u00edr tama\u00f1a afirmaci\u00f3n, que los que ya superamos la barrera, y con creces, de los 65 a\u00f1os, no estamos para esos disgustos. Puede que sea una exageraci\u00f3n o un aviso a navegantes para que los pol\u00edticos se avengan a crear consensos y entendimientos y no prosigan su feroz lucha de deg\u00fcello al contrario que es el panorama maquiav\u00e9lico que nos vienen ofreciendo en estos \u00faltimos tiempos.<\/strong><\/p>\n<p><strong>\u00a0\u00a0 Lo cierto es que ministro de Asuntos Exteriores en funciones, Jos\u00e9 Manuel Garc\u00eda-Margallo, ha venido a decir d\u00e1ndolo\u00a0 por sentado, que el modelo del sistema de pensiones en vigor \u201cha caducado\u201d. Y remach\u00f3 que urge virar hacia un modelo que abandone la ecuaci\u00f3n de que las pensiones se paguen con las cotizaciones a otro en el que el coste de esta retribuci\u00f3n salga del apartado designado para gastos sociales y se recurra a los impuestos. Habl\u00f3 de un cambio de filosof\u00eda \u201cya que hay menos cotizaciones y m\u00e1s pensionistas\u201d. O sea, que como decimos en mi pueblo, all\u00e1 por los confines de la Serran\u00eda, \u201cen la olla donde se saca y no se mete se ve el fondo m\u00e1s temprano que tarde\u201d.\u00a0 M\u00e1s raz\u00f3n que un santo, oigan.<\/strong><\/p>\n<p><strong>\u00a0\u00a0 \u00bfVamos camino de que se nos trate a los vejetes como se hizo en la Grecia de Alexis Tsipr\u00e1s castigando a los que ya cobran una pensi\u00f3n y m\u00e1s a\u00fan a quienes empezar\u00e1n a cobrarla ahora( un 35% menos) despu\u00e9s de trabajar y cotizar von denuedo? El interrogante se abre ante nosotros con unas perspectivas nada halag\u00fce\u00f1as.<\/strong><\/p>\n<p><strong>\u00a0\u00a0 Malos tiempos corren, si alguien no lo remedia, para quienes recibimos cada mes esos emolumentos despu\u00e9s de largos a\u00f1os de trabajo y de \u00edmprobos esfuerzos. No es traidor quien avisa, que tambi\u00e9n decimos en mi tierra, sobre todo cuando contemplamos como nuestros pol\u00edticos en ver de remar en la misma direcci\u00f3n subvierten sus funciones\u00a0 y tiran cada uno por un lado sin el menor atisbo de servir a los ciudadanos que les votamos en su d\u00eda y que irremediablemente -la cabra siempre tira al monte-, volveremos hacerlo de aqu\u00ed a poco tiempo haya o no abstenci\u00f3n para que el flem\u00e1tico Rajoy vuelva a ocupar la presidencia del Gobierno con todas las consecuencias.<\/strong><\/p>\n<p><strong>\u00a0\u00a0 Tambi\u00e9n acaba de descolgarse el ministro de Econom\u00eda en funciones, Luis de Guindos, asegurando que las pensiones est\u00e1n aseguradas <em>sine die<\/em>. \u00bfHemos de creerle? M\u00e1s nos vales, que los viejos decr\u00e9pitos nos volvemos tragones y mal educados y nos comemos lo que nos echen. La realidad es que no queremos abandonar este mundo\u00a0 y, caigan chuzos de punto, deseamos permanecer en \u00e9l. As\u00ed que somos muchos y pensamos que el reparto de recursos se aminora por d\u00eda y ya veremos lo que nos depara el destino, ese que ahora vemos obscuro tirando al negro m\u00e1s acentuado.<\/strong><\/p>\n<p><strong>\u00a0\u00a0 <\/strong><\/p>\n<p><strong>\u00a0<\/strong><\/p>\n<p><strong>\u00a0<\/strong><\/p>\n<p><strong>\u00a0<\/strong><\/p>\n","protected":false},"excerpt":{"rendered":"<p>&nbsp; &nbsp; Los pensionistas en un brete JOS\u00c9 BECERRA-G\u00d3MEZ \u00a0 Asusta con la rotundidad que se viene afirmando en los \u00faltimos d\u00edas que en el plazo de un a\u00f1o mal contado \u2013Diciembre de 2017, para ser m\u00e1s exacto \u2013 se habr\u00e1 agotado el fondo de las huchas de las pensiones. En otras palabras m\u00e1s crudas [&hellip;]<\/p>\n","protected":false},"author":27495,"featured_media":0,"comment_status":"open","ping_status":"open","sticky":false,"template":"","format":"standard","meta":[],"categories":[5],"tags":[796,798],"_links":{"self":[{"href":"https:\/\/blogs.diariosur.es\/avuelapluma\/wp-json\/wp\/v2\/posts\/2685"}],"collection":[{"href":"https:\/\/blogs.diariosur.es\/avuelapluma\/wp-json\/wp\/v2\/posts"}],"about":[{"href":"https:\/\/blogs.diariosur.es\/avuelapluma\/wp-json\/wp\/v2\/types\/post"}],"author":[{"embeddable":true,"href":"https:\/\/blogs.diariosur.es\/avuelapluma\/wp-json\/wp\/v2\/users\/27495"}],"replies":[{"embeddable":true,"href":"https:\/\/blogs.diariosur.es\/avuelapluma\/wp-json\/wp\/v2\/comments?post=2685"}],"version-history":[{"count":0,"href":"https:\/\/blogs.diariosur.es\/avuelapluma\/wp-json\/wp\/v2\/posts\/2685\/revisions"}],"wp:attachment":[{"href":"https:\/\/blogs.diariosur.es\/avuelapluma\/wp-json\/wp\/v2\/media?parent=2685"}],"wp:term":[{"taxonomy":"category","embeddable":true,"href":"https:\/\/blogs.diariosur.es\/avuelapluma\/wp-json\/wp\/v2\/categories?post=2685"},{"taxonomy":"post_tag","embeddable":true,"href":"https:\/\/blogs.diariosur.es\/avuelapluma\/wp-json\/wp\/v2\/tags?post=2685"}],"curies":[{"name":"wp","href":"https:\/\/api.w.org\/{rel}","templated":true}]}}