{"id":2688,"date":"2016-11-05T11:57:45","date_gmt":"2016-11-05T10:57:45","guid":{"rendered":"http:\/\/blogs.diariosur.es\/avuelapluma\/?p=2688"},"modified":"2016-11-05T11:57:45","modified_gmt":"2016-11-05T10:57:45","slug":"2688","status":"publish","type":"post","link":"https:\/\/blogs.diariosur.es\/avuelapluma\/2016\/11\/05\/2688\/","title":{"rendered":"Impuestos revocados en Ronda"},"content":{"rendered":"<p><a id=\"detail\" title=\"Ver detalles de im\u00e1genes\" href=\"http:\/\/www.bing.com\/images\/search?q=imagenes+del+ayuntamiento+de+Ronda&#038;view=detailv2&#038;qpvt=imagenes+del+ayuntamiento+de+Ronda&#038;id=441FAEA6874DF94963288239F3284836A0B3D922&#038;selectedIndex=32&#038;ccid=w8JtfTID&#038;simid=608052772020621133&#038;thid=OIP.Mc3c26d7d3203de82b1e4fc1565500f65H0\" rel=\"external nofollow\"><img src=\"\/\/tse1.mm.bing.net\/th?&#038;id=OIP.Mc3c26d7d3203de82b1e4fc1565500f65H0&#038;w=300&#038;h=225&#038;c=0&#038;pid=1.9&#038;rs=0&#038;p=0&#038;r=0\" alt=\"\" \/><\/a><\/p>\n<p><strong>\u00a0<\/strong><strong>Impuestos revocados en Ronda<\/strong><\/p>\n<p>Jos\u00e9 Becerra-G\u00f3mez<\/p>\n<p><strong>La disyuntiva no estaba clara \u00a0en la celeb\u00e9rrima Ciudad del Tajo. Sobre todo si hac\u00edamos \u00a0caso a lo que el tripartito (PSOE, IU y PA) anunciaron: se subir\u00edan indefectiblemente los impuestos para el a\u00f1o pr\u00f3ximo, el cual\u00a0 est\u00e1 al doblar la esquina. Por el contrario, si damos por bueno lo que anuncia el Partido Popular, que ha salido impetuoso al quiebro (empleando un t\u00e9rmino taurino que en Ronda no desentona ni mucho menos), los tributos, en su mayor\u00eda, no sufrir\u00edan subida, y propondr\u00e1n su bajada\u00a0 \u00a0o dejarlos tal y como hasta ahora subsisten.<\/strong><\/p>\n<p><strong>\u00a0\u00a0\u00a0 El edil de IU \u00c1lvaro Cerre\u00f1o, ni corto ni perezoso\u00a0 anunci\u00f3 d\u00edas atr\u00e1s que el Ayuntamiento incrementar\u00eda sus ingresos anuales con un mill\u00f3n de euros, cantidad a \u00a0\u00a0la que presum\u00eda llegar a conseguirse sin cortarse un pelo mediante la propuesta que entrar\u00eda en vigor a partir del pr\u00f3xima a\u00f1o. Un aviso que cay\u00f3 como era de esperar entre los contribuyentes ronde\u00f1os como un jarro de agua fr\u00eda, porque lo que nadie desea es que les rasquen los bolsillos a deshora y m\u00e1s con nocturnidad y alevos\u00eda: esa fue la noticia con que se levantaron los mun\u00edcipes de la ciudad, que no daban cr\u00e9ditos al delegado de Econom\u00eda y Hacienda del Consistorio.<\/strong><\/p>\n<p><strong>\u00a0\u00a0 El mundo al rev\u00e9s: pol\u00edticos que para mejorar su imagen y la de su partido prometen dr\u00e1sticas bajadas de gabelas y este edil manifiesta como un triunfo que se incrementar\u00e1n notablemente las arcas municipales mediante la subida de impuestos. Un resbal\u00f3n del tripartito puesto en evidencia por el Partido Popular, que ha salido al quite r\u00e1pidamente poniendo como ejemplo casos de familias numerosas que se ver\u00edan gravosamente afectadas.<\/strong><\/p>\n<p><strong>\u00a0\u00a0 En tripartito ronde\u00f1o, y en particular en su delegado de asuntos hacend\u00edsticos, cabeza de lista de IU, han protagonizado el anuncio de una leonina subida de impuestos que ha hecho que la poblaci\u00f3n haya puesto el grito en el cielo, que suele decir por aqu\u00ed, cuando algo se sale de los par\u00e1metros normales que el entendimiento puede asumir. Se rozado el rizo del esperpento, sobre todo al saberse que los t\u00e9cnicos municipales apoyaron al concejal Carre\u00f1o, y luego, dando un giro de 180 grados, tumbaron su propuesta por irrealizable e il\u00edcita.<\/strong><\/p>\n<p><strong>\u00a0\u00a0 El PP ronde\u00f1o, con su lideresa a\u00a0 la cabeza, Mar\u00eda de la Paz Fern\u00e1ndez, se acaba de poner al frente de las protestas de la ciudadan\u00eda por tama\u00f1o desajuste lo que les ha valido el ataque furibundo del tripartito en algo que nada ha tenido que ver, y anuncia por su parte una bajada de impuestos que beneficiar\u00e1n a las familias humildes con m\u00e1s de tres hijos o bonificaciones que vengan a aliviar la presi\u00f3n sobre empresas que potencian el turismo, algo que es fundamental y que sustenta en buena medida los pilares econ\u00f3micos que sustentan a Ronda.<\/strong><\/p>\n<p><strong>\u00a0\u00a0\u00a0 As\u00ed que los ronde\u00f1os pueden respirar \u00a0aliviados. Del dicho al hecho del tripartito un gran trecho. Esperemos que por mucho tiempo. Pero el susto no los quit\u00f3 nadie. Cosas de los pol\u00edticos de ahora que buscan notoriedad, pero que la realidad circundante acaban por poner en su lugar correspondiente\u00a0 alegres diatribas que no tienen raz\u00f3n de ser, como se ha demostrado felizmente con los impuestos de ida y vuelta.<\/strong><\/p>\n","protected":false},"excerpt":{"rendered":"<p>\u00a0Impuestos revocados en Ronda Jos\u00e9 Becerra-G\u00f3mez La disyuntiva no estaba clara \u00a0en la celeb\u00e9rrima Ciudad del Tajo. Sobre todo si hac\u00edamos \u00a0caso a lo que el tripartito (PSOE, IU y PA) anunciaron: se subir\u00edan indefectiblemente los impuestos para el a\u00f1o pr\u00f3ximo, el cual\u00a0 est\u00e1 al doblar la esquina. Por el contrario, si damos por bueno [&hellip;]<\/p>\n","protected":false},"author":27495,"featured_media":0,"comment_status":"open","ping_status":"open","sticky":false,"template":"","format":"standard","meta":[],"categories":[19],"tags":[561],"_links":{"self":[{"href":"https:\/\/blogs.diariosur.es\/avuelapluma\/wp-json\/wp\/v2\/posts\/2688"}],"collection":[{"href":"https:\/\/blogs.diariosur.es\/avuelapluma\/wp-json\/wp\/v2\/posts"}],"about":[{"href":"https:\/\/blogs.diariosur.es\/avuelapluma\/wp-json\/wp\/v2\/types\/post"}],"author":[{"embeddable":true,"href":"https:\/\/blogs.diariosur.es\/avuelapluma\/wp-json\/wp\/v2\/users\/27495"}],"replies":[{"embeddable":true,"href":"https:\/\/blogs.diariosur.es\/avuelapluma\/wp-json\/wp\/v2\/comments?post=2688"}],"version-history":[{"count":0,"href":"https:\/\/blogs.diariosur.es\/avuelapluma\/wp-json\/wp\/v2\/posts\/2688\/revisions"}],"wp:attachment":[{"href":"https:\/\/blogs.diariosur.es\/avuelapluma\/wp-json\/wp\/v2\/media?parent=2688"}],"wp:term":[{"taxonomy":"category","embeddable":true,"href":"https:\/\/blogs.diariosur.es\/avuelapluma\/wp-json\/wp\/v2\/categories?post=2688"},{"taxonomy":"post_tag","embeddable":true,"href":"https:\/\/blogs.diariosur.es\/avuelapluma\/wp-json\/wp\/v2\/tags?post=2688"}],"curies":[{"name":"wp","href":"https:\/\/api.w.org\/{rel}","templated":true}]}}