{"id":2697,"date":"2016-11-17T10:36:22","date_gmt":"2016-11-17T09:36:22","guid":{"rendered":"http:\/\/blogs.diariosur.es\/avuelapluma\/?p=2697"},"modified":"2016-11-17T10:36:22","modified_gmt":"2016-11-17T09:36:22","slug":"mano-tendida-a-la-serrania-de-ronda-2","status":"publish","type":"post","link":"https:\/\/blogs.diariosur.es\/avuelapluma\/2016\/11\/17\/mano-tendida-a-la-serrania-de-ronda-2\/","title":{"rendered":"Mano tendida a la Serran\u00eda de Ronda"},"content":{"rendered":"<p><a title=\"Buscar im\u00e1genes de imagenes de benaojan\" href=\"http:\/\/www.bing.com\/images\/search?q=imagenes+de+benaojan&#038;id=9D3AC38BFD77ECF8A6FCEA680A54E1E44142CA43&#038;FORM=IQFRBA\" rel=\"external nofollow\"><img loading=\"lazy\" id=\"emb156F6E6BD\" src=\"\/\/tse1.mm.bing.net\/th?id=OIP.Mcbde2d40391442b0a90f7009ae14f4ddo0&#038;w=162&#038;h=105&#038;c=8&#038;rs=1&#038;qlt=90&#038;pid=3.1&#038;rm=2\" alt=\"Resultado de im\u00e1genes de imagenes de benaojan\" width=\"162\" height=\"105\" data-bm=\"32\" data-src-hq=\"http:\/\/tse1.mm.bing.net\/th?id=OIP.Mcbde2d40391442b0a90f7009ae14f4ddo0&#038;w=162&#038;h=105&#038;c=8&#038;rs=1&#038;qlt=90&#038;pid=3.1&#038;rm=2\" \/><\/a><\/p>\n<p>&nbsp;<\/p>\n<p>Mano tendida a la Serran\u00eda de Ronda<\/p>\n<p>Jos\u00e9 Becerra-G\u00f3mez<\/p>\n<p>El\u00edas Bendodo, presidente del organismo supramunicipal y figura bienquista\u00a0 del Partido Popular provincial se ha subi\u00f3 d\u00edas atr\u00e1s hasta las faldas montuosas serranas para visitar pueblos que en ellas asientan sus reales: de Alpandeire hasta Pujerra, pasando por Benadalid, Cartajima, Faraj\u00e1n, Igualeja y J\u00fazcar, en esta \u00e9poca luciendo el verde manto de los casta\u00f1ares \u2013 el Bosque de Cobre en todo su esplendor \u2013 del que ahora se recogen sus suculentos frutos.<\/p>\n<p>\u201cObras son amores y no buenas razones\u201d, sentencia el dicho popular que muy bien se pod\u00eda aplicar a furibundas invectivas que en pasados d\u00edas se vertieron en algunos medios informativos malague\u00f1os sobre la escasas ayudas pecuniarias que la Diputaci\u00f3n Provincial viene destinando a los pueblo de escasa significancia poblacional y econ\u00f3mica en la siempre sugestiva Serran\u00eda de Ronda.<\/p>\n<p>Los pueblos blancos de la Serran\u00eda que vienen despertando de su letargo econ\u00f3mico y poblacional de siglos merced a la potenciaci\u00f3n de sus atractivos naturales han encontrado en la Diputaci\u00f3n malague\u00f1a un adalid que le tiende la mano para mejorar las comunicaciones que arrastraban d\u00e9cadas de insuficiencias y deterioros en sus trazados. Concienciados de que el turismo de interior es un arma eficaz para paliar las carencias de los pueblos que en la comarca serrana y ronde\u00f1a se aglutinan, y teni\u00e9ndose en cuenta que las ayudas a entidades municipales significan en palabras de Bendodo \u201cun revulsivo econ\u00f3mico que fomenta la creaci\u00f3n de empleo\u201d, las poblaciones de la Serran\u00eda no tienen por menos que agradecer a quienes hacen posible que salgan del marasmo que las atenaza desde d\u00e9cadas atr\u00e1s.<\/p>\n<p>Hay pueblos del entorno serrano que a trancas y barrancas mantienen legendarias formas de vida apegadas a los frutos del campo o de industrias chacineras m\u00e1s o menos florecientes, como es el caso de las que proliferaron y se mantienen, algunas con gran abolengo, y Benaoj\u00e1n o Montejaque son buenas muestras de este aserto. El otro puntal econ\u00f3mico que despunt\u00f3 no hace mucho tiempo y que se afianza por d\u00eda es ese \u00a0\u00a0turismo rural eminentemente promovido por peque\u00f1as empresas familiares que viene haciendo valer antiguos predios agr\u00edcolas instalando en ellos peque\u00f1os hoteles y paradores que vienen floreciendo como las margaritas en mayo por la aceptaci\u00f3n\u00a0 que disfrutan por parte de aquellos for\u00e1neos que buscan la paz y el sosiego que los parajes serranos les brindan.<\/p>\n","protected":false},"excerpt":{"rendered":"<p>&nbsp; Mano tendida a la Serran\u00eda de Ronda Jos\u00e9 Becerra-G\u00f3mez El\u00edas Bendodo, presidente del organismo supramunicipal y figura bienquista\u00a0 del Partido Popular provincial se ha subi\u00f3 d\u00edas atr\u00e1s hasta las faldas montuosas serranas para visitar pueblos que en ellas asientan sus reales: de Alpandeire hasta Pujerra, pasando por Benadalid, Cartajima, Faraj\u00e1n, Igualeja y J\u00fazcar, en [&hellip;]<\/p>\n","protected":false},"author":27495,"featured_media":0,"comment_status":"open","ping_status":"open","sticky":false,"template":"","format":"standard","meta":[],"categories":[11,19],"tags":[118,368,922],"_links":{"self":[{"href":"https:\/\/blogs.diariosur.es\/avuelapluma\/wp-json\/wp\/v2\/posts\/2697"}],"collection":[{"href":"https:\/\/blogs.diariosur.es\/avuelapluma\/wp-json\/wp\/v2\/posts"}],"about":[{"href":"https:\/\/blogs.diariosur.es\/avuelapluma\/wp-json\/wp\/v2\/types\/post"}],"author":[{"embeddable":true,"href":"https:\/\/blogs.diariosur.es\/avuelapluma\/wp-json\/wp\/v2\/users\/27495"}],"replies":[{"embeddable":true,"href":"https:\/\/blogs.diariosur.es\/avuelapluma\/wp-json\/wp\/v2\/comments?post=2697"}],"version-history":[{"count":0,"href":"https:\/\/blogs.diariosur.es\/avuelapluma\/wp-json\/wp\/v2\/posts\/2697\/revisions"}],"wp:attachment":[{"href":"https:\/\/blogs.diariosur.es\/avuelapluma\/wp-json\/wp\/v2\/media?parent=2697"}],"wp:term":[{"taxonomy":"category","embeddable":true,"href":"https:\/\/blogs.diariosur.es\/avuelapluma\/wp-json\/wp\/v2\/categories?post=2697"},{"taxonomy":"post_tag","embeddable":true,"href":"https:\/\/blogs.diariosur.es\/avuelapluma\/wp-json\/wp\/v2\/tags?post=2697"}],"curies":[{"name":"wp","href":"https:\/\/api.w.org\/{rel}","templated":true}]}}