{"id":2704,"date":"2016-11-24T09:45:11","date_gmt":"2016-11-24T08:45:11","guid":{"rendered":"http:\/\/blogs.diariosur.es\/avuelapluma\/?p=2704"},"modified":"2016-11-24T09:45:11","modified_gmt":"2016-11-24T08:45:11","slug":"el-amargo-adios-de-rita-barbera","status":"publish","type":"post","link":"https:\/\/blogs.diariosur.es\/avuelapluma\/2016\/11\/24\/el-amargo-adios-de-rita-barbera\/","title":{"rendered":"El amargo adi\u00f3s de Rita Barber\u00e1"},"content":{"rendered":"<p><a id=\"detail\" title=\"Ver detalles de im\u00e1genes\" href=\"http:\/\/www.bing.com\/images\/search?q=imagenes+de+rita+barber%c3%a1&#038;view=detailv2&#038;&#038;id=D48DC065ADA112913B2499E39E56F721BD479114&#038;selectedIndex=76&#038;ccid=z9SGgJyO&#038;simid=608012236146344927&#038;thid=OIP.Mcfd486809c8eec19a5107ffafd30a5ffo1\" rel=\"external nofollow\"><img src=\"\/\/tse1.mm.bing.net\/th?&#038;id=OIP.Mcfd486809c8eec19a5107ffafd30a5ffo1&#038;w=194&#038;h=299&#038;c=0&#038;pid=1.9&#038;rs=0&#038;p=0&#038;r=0\" alt=\"\" \/><\/a><\/p>\n<p>&nbsp;<\/p>\n<p><strong>Un infarto acab\u00f3 con la vida de Rita Barber\u00e1, posiblemente en la soledad de una fr\u00eda habitaci\u00f3n de hotel. No ser\u00eda arriesgado pensar que\u00a0 este repentino \u00f3bito tenga mucho que ver la feroz caza y captura que ha sufrido la senadora y exalcaldesa de Valencia en los \u00faltimos meses. Un brutal acoso que se supone ha tenido que soportar por parte de quienes se erig\u00edan como insensibles e implacables jueces de su conducta y que no han tenido por menos de atosigarla hasta consumar la quiebra definitiva de su vida. Tambi\u00e9n hay que decir el vac\u00edo que se instal\u00f3 en su alrededor por parte de su propio partido, el Popular, en el que milit\u00f3 y mantuvo un papel preponderante durante los \u00faltimos treinta a\u00f1os. Fueron contados lo que le tendieron la mano en los momentos dif\u00edciles vividos; la mayor\u00eda de sus conmilitones optaron por ignorarla y el desamparo ha sido manifiesto. Acoso y derribo ha sido la actitud de unos y otros.<\/strong><\/p>\n<p><strong>\u00a0\u00a0 La presi\u00f3n medi\u00e1tica que ha sufrido esta mujer, de la que no entro ni salgo en cuanto a lo que se refiere a su honorabilidad o culpabilidad, es producto de ese linchamiento a que, a veces, se someten los pol\u00edticos por parte de sus adversarios sean del color que sean. Una forma rec\u00f3ndita y no pocas veces perversa de socavar la existencia del contrario y que estamos viendo como cobra virulencia en los \u00faltimos tiempos, sin que tenga \u00a0en cuenta que poseemos un sistema legal a quien corresponder enjuiciar y castigar al que delinque. Las conjeturas de culpabilidad no tienen raz\u00f3n de ser si no se han demostrado fehacientemente en los tribunales p\u00fablicos de Justicia.<\/strong><\/p>\n<p><strong>\u00a0\u00a0 No pertenezco al Partido Popular \u2013 tampoco a cualquiera de los de la izquierda pol\u00edtica \u2013 y no me erijo en palad\u00edn de nadie. Solo que como espa\u00f1olito de calle reconozco, absorto, que se est\u00e1 yendo muy lejos en este af\u00e1n desmedido de desprestigiar al oponente antes de que por sus actos sea juzgado seg\u00fan los c\u00e1nones legalmente establecidos que a todos nos asisten.<\/strong><\/p>\n<p><strong>\u00a0<\/strong><\/p>\n<p align=\"left\">\n","protected":false},"excerpt":{"rendered":"<p>&nbsp; Un infarto acab\u00f3 con la vida de Rita Barber\u00e1, posiblemente en la soledad de una fr\u00eda habitaci\u00f3n de hotel. No ser\u00eda arriesgado pensar que\u00a0 este repentino \u00f3bito tenga mucho que ver la feroz caza y captura que ha sufrido la senadora y exalcaldesa de Valencia en los \u00faltimos meses. Un brutal acoso que se [&hellip;]<\/p>\n","protected":false},"author":27495,"featured_media":0,"comment_status":"open","ping_status":"open","sticky":false,"template":"","format":"standard","meta":[],"categories":[18],"tags":[48,711,915],"_links":{"self":[{"href":"https:\/\/blogs.diariosur.es\/avuelapluma\/wp-json\/wp\/v2\/posts\/2704"}],"collection":[{"href":"https:\/\/blogs.diariosur.es\/avuelapluma\/wp-json\/wp\/v2\/posts"}],"about":[{"href":"https:\/\/blogs.diariosur.es\/avuelapluma\/wp-json\/wp\/v2\/types\/post"}],"author":[{"embeddable":true,"href":"https:\/\/blogs.diariosur.es\/avuelapluma\/wp-json\/wp\/v2\/users\/27495"}],"replies":[{"embeddable":true,"href":"https:\/\/blogs.diariosur.es\/avuelapluma\/wp-json\/wp\/v2\/comments?post=2704"}],"version-history":[{"count":0,"href":"https:\/\/blogs.diariosur.es\/avuelapluma\/wp-json\/wp\/v2\/posts\/2704\/revisions"}],"wp:attachment":[{"href":"https:\/\/blogs.diariosur.es\/avuelapluma\/wp-json\/wp\/v2\/media?parent=2704"}],"wp:term":[{"taxonomy":"category","embeddable":true,"href":"https:\/\/blogs.diariosur.es\/avuelapluma\/wp-json\/wp\/v2\/categories?post=2704"},{"taxonomy":"post_tag","embeddable":true,"href":"https:\/\/blogs.diariosur.es\/avuelapluma\/wp-json\/wp\/v2\/tags?post=2704"}],"curies":[{"name":"wp","href":"https:\/\/api.w.org\/{rel}","templated":true}]}}