{"id":2710,"date":"2016-12-07T11:51:22","date_gmt":"2016-12-07T10:51:22","guid":{"rendered":"http:\/\/blogs.diariosur.es\/avuelapluma\/?p=2710"},"modified":"2016-12-07T11:51:22","modified_gmt":"2016-12-07T10:51:22","slug":"peligran-las-pensiones","status":"publish","type":"post","link":"https:\/\/blogs.diariosur.es\/avuelapluma\/2016\/12\/07\/peligran-las-pensiones\/","title":{"rendered":"\u00bfPeligran las pensiones?"},"content":{"rendered":"<p><a id=\"detail\" title=\"Ver detalles de im\u00e1genes\" href=\"http:\/\/www.bing.com\/images\/search?q=Im%c3%a1genes+de+pensionistas&#038;view=detailv2&#038;&#038;id=76F8C750C4B4471F71FEE5B3D87177789949597A&#038;selectedIndex=187&#038;ccid=kXqB%2b7Xu&#038;simid=608036434000217526&#038;thid=OIP.M917a81fbb5eec028d1aa0a9f823cd0a7o0\" rel=\"external nofollow\"><img src=\"\/\/tse1.mm.bing.net\/th?&#038;id=OIP.M917a81fbb5eec028d1aa0a9f823cd0a7o0&#038;w=300&#038;h=200&#038;c=0&#038;pid=1.9&#038;rs=0&#038;p=0&#038;r=0\" alt=\"\" \/><\/a><\/p>\n<p>&nbsp;<\/p>\n<p>\u00bfPeligran las pensiones?<\/p>\n<p>Jos\u00e9 Becerra<\/p>\n<p>&nbsp;<\/p>\n<p>\u201cO\u00eddo al parche\u201d, que dicen en mi tierra all\u00e1 en\u00a0 donde la Serran\u00eda de Ronda muestra su cariz \u00e1spero de cumbres fragosas a cuyos pies o en sus faldas de monta\u00f1a se asientan pueblecitos de apretadas casas e impolutas fachadas. La expresi\u00f3n, sin embargo, es netamente castellana, y tiene un origen b\u00e9lico ya que se usaba en la antig\u00fcedad para designar un peligro latente originado por la invasi\u00f3n de un ej\u00e9rcito anunciado por el batir de los tambores (parches) de las mesnadas enemigas.<\/p>\n<p>Lo dicen cuando es obligado prestar atenci\u00f3n a algo que hace peligrar el sosiego de los habitantes y que no hay que echar en saco roto. Tambi\u00e9n se dice, y este es un dicho de alcance universal, que \u201cno es traidor el que avisa\u201d. Y ahora se no est\u00e1 avisando desde fuentes autorizadas que a la \u201chucha\u201d de las pensiones se le est\u00e1 viendo el fondo.<\/p>\n<p>Rajoy y su fiel ac\u00f3lito Montoro, quienes mantuvieron meses atr\u00e1s cuando se jugaban \u2013 y estuvieron en un tris de perderlo &#8211; la permanencia del gobierno, que no se iban a subir los impuestos. Se conjuraron para dejar por sentado que era una atrocidad para el buen ritmo de la econom\u00eda. Del dicho al hecho un grand\u00edsimo trecho. Tampoco se barruntaba \u00a0\u00a0\u00a0 que se seguir\u00eda escarbando en la `hucha de las pensiones\u00b4 hasta dejarla en m\u00ednimos hist\u00f3ricos, exhausta, como acaba de ocurrir por mal que nos pese a los sufridos pensionistas.<\/p>\n<p>Nada menos que 9.500 millones de euros acaban de extraerse de la alcanc\u00eda estatal para atender la paga extra de diciembre, la cual va quedando en cruz y en cuadro, por lo que\u00a0 m\u00e1s que tiritar se muestra exhausta y con necesidad urgente de respiraci\u00f3n asistida, muy lejos de las millonadas de las que pod\u00eda presumir solo cuatro o cinco a\u00f1os atr\u00e1s.<\/p>\n<p><strong>Por mucho que el ministro de Econom\u00eda, Luis de Guindos, afirme \u00a0alardeando del buen hacer del PP, \u00a0que el futuro de las pensiones est\u00e1 garantizado en Espa\u00f1a, los pensionistas que por lo edad somos perros viejos y nos lanzan piedras de todas partes, estamos con la mosca detr\u00e1s de la oreja. <\/strong><\/p>\n<p><strong>Se nos antoja, muy a nuestro pesar, que las cosas tal como van no pintan del todo bien para nuestros intereses, que son los de quienes han trabajado toda la vida con la esperanza de un mediano pesar llegado el momento que ya ve la senda del ocaso vital. El panorama que se brinda a nuestros ya cansados ojos \u2013 iba a decir lacrimosos, pero no quiero pecar de demasiado derrotismo \u2013 es que el alargamiento de la esperanza de vida obra en detrimento de la viabilidad del sistema. Que nos empe\u00f1amos en no abandonar este mundo por muy ingrato y cruel que se nos antoje, aunque haya quien a la chita callando quiera darnos el pasaporte para el m\u00e1s all\u00e1 m\u00e1s temprano que tarde. <\/strong><\/p>\n<p><strong>Que se apeen las dos formaciones pol\u00edticas de sus diferencias y que se pongan a trabajar codo con codo en ese tan cacareado Pacto de Toledo para dar cumplida soluci\u00f3n a lo que amenaza, de no atajarse a tiempo, con un quebrantamiento social de imprevisibles consecuencias. En caso contrario, no se sorprendan por el distanciamiento y la inquina\u00a0 que buena parte de la ciudadan\u00eda \u00a0manifiestan sobre los pol\u00edticos. Seguir\u00e1n ocupando un puesto se\u00f1ero, en todo lo alto de la lista, de sus desafectos.<\/strong><\/p>\n","protected":false},"excerpt":{"rendered":"<p>&nbsp; \u00bfPeligran las pensiones? Jos\u00e9 Becerra &nbsp; \u201cO\u00eddo al parche\u201d, que dicen en mi tierra all\u00e1 en\u00a0 donde la Serran\u00eda de Ronda muestra su cariz \u00e1spero de cumbres fragosas a cuyos pies o en sus faldas de monta\u00f1a se asientan pueblecitos de apretadas casas e impolutas fachadas. La expresi\u00f3n, sin embargo, es netamente castellana, y [&hellip;]<\/p>\n","protected":false},"author":27495,"featured_media":0,"comment_status":"open","ping_status":"open","sticky":false,"template":"","format":"standard","meta":[],"categories":[3,18],"tags":[793,797],"_links":{"self":[{"href":"https:\/\/blogs.diariosur.es\/avuelapluma\/wp-json\/wp\/v2\/posts\/2710"}],"collection":[{"href":"https:\/\/blogs.diariosur.es\/avuelapluma\/wp-json\/wp\/v2\/posts"}],"about":[{"href":"https:\/\/blogs.diariosur.es\/avuelapluma\/wp-json\/wp\/v2\/types\/post"}],"author":[{"embeddable":true,"href":"https:\/\/blogs.diariosur.es\/avuelapluma\/wp-json\/wp\/v2\/users\/27495"}],"replies":[{"embeddable":true,"href":"https:\/\/blogs.diariosur.es\/avuelapluma\/wp-json\/wp\/v2\/comments?post=2710"}],"version-history":[{"count":0,"href":"https:\/\/blogs.diariosur.es\/avuelapluma\/wp-json\/wp\/v2\/posts\/2710\/revisions"}],"wp:attachment":[{"href":"https:\/\/blogs.diariosur.es\/avuelapluma\/wp-json\/wp\/v2\/media?parent=2710"}],"wp:term":[{"taxonomy":"category","embeddable":true,"href":"https:\/\/blogs.diariosur.es\/avuelapluma\/wp-json\/wp\/v2\/categories?post=2710"},{"taxonomy":"post_tag","embeddable":true,"href":"https:\/\/blogs.diariosur.es\/avuelapluma\/wp-json\/wp\/v2\/tags?post=2710"}],"curies":[{"name":"wp","href":"https:\/\/api.w.org\/{rel}","templated":true}]}}