{"id":2712,"date":"2016-12-12T11:44:27","date_gmt":"2016-12-12T10:44:27","guid":{"rendered":"http:\/\/blogs.diariosur.es\/avuelapluma\/?p=2712"},"modified":"2016-12-12T11:44:27","modified_gmt":"2016-12-12T10:44:27","slug":"deficiencias-en-el-nuevo-hospital-de-ronda-y-en-la-sanidad-malaguena","status":"publish","type":"post","link":"https:\/\/blogs.diariosur.es\/avuelapluma\/2016\/12\/12\/deficiencias-en-el-nuevo-hospital-de-ronda-y-en-la-sanidad-malaguena\/","title":{"rendered":"Demoras del nuevo Hospital de Ronda y deficiencias en la sanidad malague\u00f1a"},"content":{"rendered":"<p>Demoras en el nuevo Hospital de Ronda y\u00a0deficiencias en\u00a0 la \u00a0sanidad malague\u00f1a<\/p>\n<p>JOS\u00c9 BECERRA<\/p>\n<p>Lo del nombre es lo de menos. Se ha venido discutiendo estos d\u00edas sobre si hemos de nombrarle como Hospital de la Serran\u00eda de M\u00e1laga- totalmente impropio \u2013 o de la Serran\u00eda de Ronda. La disyuntiva tiene su intr\u00edngulis pero resulta un mal menor. Ahora lo que importa a los ronde\u00f1os y los serranos del entorno es que el nuevo Hospital abra sus puertas de una pu\u00f1etera vez- perdonen el exabrupto \u2013 y satisfaga el anhelo de alrededor de 85.000 personas de contar con un centro sanitario capaz de atender sus posibles dolencias.<\/p>\n<p>Ahora se nos dice que no ser\u00e1 hasta el primer trimestre de 2017 cuando el Hospital entrar\u00e1 en pleno servicio, una vez finalice el tiempo acordado solo para las consultas externas. \u201c\u00a1Cuan largo me lo fiais, amigo Sancho\u201d!, que dijo el Ingenioso Hidalgo, dando a entender que algo se dilata en el tiempo y no presenta signos de\u00a0 que se vaya a realizar con premura. Es lo que se barrunta de las declaraciones por parte de responsables de Sanidad de la Junta de Andaluc\u00eda y que se\u00f1alan que se avanzar\u00e1 \u201cprogresivamente\u201d, de lo que se deduce que est\u00e1n en al aire- \u00bfhasta cu\u00e1ndo?- el traslado de enfermos.<\/p>\n<p>El\u00edas Bendodo, \u00a0\u00ednclito presidente de la Diputaci\u00f3n de M\u00e1laga, vino a decir d\u00edas atr\u00e1s en una visita\u00a0 a la celeb\u00e9rrima Ciudad del Tajo que el Gobierno\u00a0 socialista de Susana D\u00edaz\u201d cuando dice que la sanidad (y la educaci\u00f3n) son sus prioridades, lo cierto es que desde 2009 se han despedido 7.500\u00a0 profesionales sanitarios en Andaluc\u00eda\u201d. No tenemos por qu\u00e9 desmentir al dirigente popular ya que es archisabido que\u00a0 se han cerrado centenares de camas hospitalarias pese a que la poblaci\u00f3n de la regi\u00f3n pese \u00a0se ha incrementado de manera exponencial.<\/p>\n<p>Lo que viene sucediendo con el nuevo Hospital ronde\u00f1o puede ser fiel reflejo del momento que vive la sanidad andaluza en los \u00faltimos tiempos. Para desmentir las presuntuosas afirmaciones de la presidenta de la Junta de Andaluc\u00eda, la socialista Susana D\u00edaz, nos salen al paso cr\u00edticas severas que ata\u00f1en a las listas de espera, las cuales sit\u00faan a la regi\u00f3n a la cola en el gasto sanitario por habitante. Es lo que ratifica la Memoria hecha p\u00fablica recientemente por el Consejo Econ\u00f3mico y Social (CES, para los amigos), el\u00a0 cual \u00a0sit\u00faa a la comunidad andaluza <strong>a la cola del pa\u00eds en gasto sanitario por habitante<\/strong>. Demoledor, \u00a1vive Dios!, que haya pacientes que esperen medio a\u00f1o para lograr un diagn\u00f3stico. Tardanza que no puede por menos de poner en el disparadero la salud del enfermo. Como es el caso flagrante de un enfermo que lleva esperando siete meses para que se le haya una colonoscopia y del que hemos tenido noticias en los \u00faltimos d\u00edas.<\/p>\n<p>Por fortuna, las\u00a0 denominadas \u201cmareas blancas\u201d est\u00e1n tomando cartas de naturaleza, entre otras provincias de la comunidad aut\u00f3noma, en M\u00e1laga. Ciudadanos y m\u00e9dicos del propio Sistema Andaluz de Salud, a remolque de pacientes que reivindican una m\u00e1s pronta atenci\u00f3n en lo tocante a consultas especializadas, pruebas diagn\u00f3sticas e intervenciones quir\u00fargicas. No es de recibo, seg\u00fan comentan los facultativos, que se dictamine una dolencia, pero que se tenga que esperar meses para las pruebas precisas que autentifiquen un diagn\u00f3stico veraz, o se proceda a la operaci\u00f3n pertinente. Y es que lo que se conoce en el argot m\u00e9dico como `alta resoluci\u00f3n`, a saber, que al enfermo se le someta a las pruebas precisas para que sea factible un diagn\u00f3stico en el\u00a0 mismo d\u00eda se ha convertido en pura entelequia. De lo dicho al hecho un gran trecho.<\/p>\n","protected":false},"excerpt":{"rendered":"<p>Demoras en el nuevo Hospital de Ronda y\u00a0deficiencias en\u00a0 la \u00a0sanidad malague\u00f1a JOS\u00c9 BECERRA Lo del nombre es lo de menos. Se ha venido discutiendo estos d\u00edas sobre si hemos de nombrarle como Hospital de la Serran\u00eda de M\u00e1laga- totalmente impropio \u2013 o de la Serran\u00eda de Ronda. La disyuntiva tiene su intr\u00edngulis pero resulta [&hellip;]<\/p>\n","protected":false},"author":27495,"featured_media":0,"comment_status":"open","ping_status":"open","sticky":false,"template":"","format":"standard","meta":[],"categories":[3,17,19,20],"tags":[326,645,922,936],"_links":{"self":[{"href":"https:\/\/blogs.diariosur.es\/avuelapluma\/wp-json\/wp\/v2\/posts\/2712"}],"collection":[{"href":"https:\/\/blogs.diariosur.es\/avuelapluma\/wp-json\/wp\/v2\/posts"}],"about":[{"href":"https:\/\/blogs.diariosur.es\/avuelapluma\/wp-json\/wp\/v2\/types\/post"}],"author":[{"embeddable":true,"href":"https:\/\/blogs.diariosur.es\/avuelapluma\/wp-json\/wp\/v2\/users\/27495"}],"replies":[{"embeddable":true,"href":"https:\/\/blogs.diariosur.es\/avuelapluma\/wp-json\/wp\/v2\/comments?post=2712"}],"version-history":[{"count":0,"href":"https:\/\/blogs.diariosur.es\/avuelapluma\/wp-json\/wp\/v2\/posts\/2712\/revisions"}],"wp:attachment":[{"href":"https:\/\/blogs.diariosur.es\/avuelapluma\/wp-json\/wp\/v2\/media?parent=2712"}],"wp:term":[{"taxonomy":"category","embeddable":true,"href":"https:\/\/blogs.diariosur.es\/avuelapluma\/wp-json\/wp\/v2\/categories?post=2712"},{"taxonomy":"post_tag","embeddable":true,"href":"https:\/\/blogs.diariosur.es\/avuelapluma\/wp-json\/wp\/v2\/tags?post=2712"}],"curies":[{"name":"wp","href":"https:\/\/api.w.org\/{rel}","templated":true}]}}