{"id":2728,"date":"2016-12-19T09:45:44","date_gmt":"2016-12-19T08:45:44","guid":{"rendered":"http:\/\/blogs.diariosur.es\/avuelapluma\/?p=2728"},"modified":"2016-12-19T09:45:44","modified_gmt":"2016-12-19T08:45:44","slug":"actos-vandalicos-en-ronda-2","status":"publish","type":"post","link":"https:\/\/blogs.diariosur.es\/avuelapluma\/2016\/12\/19\/actos-vandalicos-en-ronda-2\/","title":{"rendered":"Actos vand\u00e1licos en Ronda"},"content":{"rendered":"<p>Las manadas de indeseables que atentan contra los elementos arquitect\u00f3nicos y de recreo y que son objetos de admiraci\u00f3n por la gente de conducta normal y honesta vuelven a hacer acto de presencia en Ronda.<\/p>\n<p>Esas fieras abyectas que pululan por las ciudades a su libre albedr\u00edo vienen dejando para nuestra rabia y consternaci\u00f3n muestras de sus fechor\u00edas en parques y jardines. Con nocturnidad y alevos\u00eda quiz\u00e1s, pero en cualquier caso aprovechando la ausencia de testigos que podr\u00edan evitar sus desmanes o denunciar su proceder ignominioso, vienen dejando en la ciudad su impronta de desalmados con harta frecuencia.<\/p>\n<p>Lo \u00faltimo, el destrozo de la figura escult\u00f3rica levantada en una de las fuentes que vienen a regocijar el paso y la vista de transe\u00fantes que buscan en la Alameda del Tajo un lugar de remanso y paz. El \u00e1ngel que se erig\u00eda sobre la fontana apareci\u00f3 d\u00edas atr\u00e1s a sus pies y demolido. Una inicua acci\u00f3n que viene a demostrar el talante de estos libertinos enemigos a ultranza del mobiliario urbano que no se detienen y hacen objetos de sus fechor\u00edas todo aquello cuya presencia puede resultar agradable a ojos de personas de talante correcto y enemigo de fechor\u00edas felonas; \u00e9stas \u00faltimas como santo y se\u00f1a de desalmados iconoclastas.<\/p>\n<p>Har\u00edan muy bien las autoridades municipales en extremar la vigilancia de la Alameda, la cual es admiraci\u00f3n de propios y extra\u00f1os. Un recinto que hace las delicias de unos y otros por ser un retiro carism\u00e1tico para el paseo distendido merced al jard\u00edn bot\u00e1nico que encierra, am\u00e9n de sus vistosas avenidas ajardinadas, y las colosales vistas que ofrece, bien acodado en sus balcones, como\u00a0 gran atalaya sobre la Hoya del Tajo. En \u00a0vemos c\u00f3mo discurre apaciblemente el r\u00edo Guadalev\u00edn entre farallones imponentes, y en la lejan\u00eda la estampa evanescentes y brumosas de las crestas de la \u00a0Serran\u00eda de Ronda.<\/p>\n<p>Paseando entre acacias y cedros podr\u00edamos murmurar entre diente aquello de\u00a0 \u201cdoscientos a\u00f1os os contemplan\u201d, y que resulta improcedente que las autoridades ronde\u00f1as no extremen las medidas para salvaguardar tama\u00f1a reliquia de los execrables\u00a0 enemigos de turno que la rondan con impunidad.<\/p>\n<p>&nbsp;<\/p>\n<p align=\"left\">\n","protected":false},"excerpt":{"rendered":"<p>Las manadas de indeseables que atentan contra los elementos arquitect\u00f3nicos y de recreo y que son objetos de admiraci\u00f3n por la gente de conducta normal y honesta vuelven a hacer acto de presencia en Ronda. Esas fieras abyectas que pululan por las ciudades a su libre albedr\u00edo vienen dejando para nuestra rabia y consternaci\u00f3n muestras [&hellip;]<\/p>\n","protected":false},"author":27495,"featured_media":0,"comment_status":"open","ping_status":"open","sticky":false,"template":"","format":"standard","meta":[],"categories":[3,19],"tags":[61,922,1048],"_links":{"self":[{"href":"https:\/\/blogs.diariosur.es\/avuelapluma\/wp-json\/wp\/v2\/posts\/2728"}],"collection":[{"href":"https:\/\/blogs.diariosur.es\/avuelapluma\/wp-json\/wp\/v2\/posts"}],"about":[{"href":"https:\/\/blogs.diariosur.es\/avuelapluma\/wp-json\/wp\/v2\/types\/post"}],"author":[{"embeddable":true,"href":"https:\/\/blogs.diariosur.es\/avuelapluma\/wp-json\/wp\/v2\/users\/27495"}],"replies":[{"embeddable":true,"href":"https:\/\/blogs.diariosur.es\/avuelapluma\/wp-json\/wp\/v2\/comments?post=2728"}],"version-history":[{"count":0,"href":"https:\/\/blogs.diariosur.es\/avuelapluma\/wp-json\/wp\/v2\/posts\/2728\/revisions"}],"wp:attachment":[{"href":"https:\/\/blogs.diariosur.es\/avuelapluma\/wp-json\/wp\/v2\/media?parent=2728"}],"wp:term":[{"taxonomy":"category","embeddable":true,"href":"https:\/\/blogs.diariosur.es\/avuelapluma\/wp-json\/wp\/v2\/categories?post=2728"},{"taxonomy":"post_tag","embeddable":true,"href":"https:\/\/blogs.diariosur.es\/avuelapluma\/wp-json\/wp\/v2\/tags?post=2728"}],"curies":[{"name":"wp","href":"https:\/\/api.w.org\/{rel}","templated":true}]}}