{"id":2729,"date":"2016-12-25T10:51:42","date_gmt":"2016-12-25T09:51:42","guid":{"rendered":"http:\/\/blogs.diariosur.es\/avuelapluma\/?p=2729"},"modified":"2016-12-25T10:51:42","modified_gmt":"2016-12-25T09:51:42","slug":"apuros-economicos-del-municipio-de-cortes-de-la-frontera","status":"publish","type":"post","link":"https:\/\/blogs.diariosur.es\/avuelapluma\/2016\/12\/25\/apuros-economicos-del-municipio-de-cortes-de-la-frontera\/","title":{"rendered":"Apuros econ\u00f3micos del municipio de Cortes de la Frontera"},"content":{"rendered":"<p><a title=\"Buscar im\u00e1genes de imagenes de cortes de la frontera\" href=\"http:\/\/www.bing.com\/images\/search?q=imagenes+de+cortes+de+la+frontera&#038;id=662772F80E9C05A3C0A1767116FEB3654E744E0F&#038;FORM=IQFRBA\" rel=\"external nofollow\"><img loading=\"lazy\" id=\"emb157BF77AA\" src=\"\/\/tse1.mm.bing.net\/th?id=OIP.Ma79af6dc8464f8490cb15c6e2dfe900fo0&#038;w=125&#038;h=105&#038;c=8&#038;rs=1&#038;qlt=90&#038;dpr=125&#038;pid=3.1&#038;rm=2\" alt=\"Resultado de im\u00e1genes de imagenes de cortes de la frontera\" width=\"125\" height=\"105\" data-priority=\"2\" data-src-hq=\"http:\/\/tse1.mm.bing.net\/th?id=OIP.Ma79af6dc8464f8490cb15c6e2dfe900fo0&#038;w=125&#038;h=105&#038;c=8&#038;rs=1&#038;qlt=90&#038;dpr=125&#038;pid=3.1&#038;rm=2\" data-bm=\"30\" \/><\/a><\/p>\n<p>&nbsp;<\/p>\n<p>Apuros econ\u00f3micos del municipio de Cortes de la Frontera<\/p>\n<p>Jos\u00e9 Becerra<\/p>\n<p>Es este, Cortes de la Frontera, un municipio que siempre goz\u00f3 de fama por su boyante situaci\u00f3n econ\u00f3mica, algo que fue envidiado por\u00a0 los pueblos lim\u00edtrofes situados como \u00e9ste en las estribaciones de la Serran\u00eda de Ronda y regados por el r\u00edo Guadiaro. Es el municipio m\u00e1s extenso de la zona merced a las m\u00e1s de 17.000 hect\u00e1reas (11.000 de ellas de propiedad municipal) que conforman su territorio, un t\u00e9rmino extremadamente montuoso y que alberga una muy significativa poblaci\u00f3n de venados y corzos favorecedores de una actividad cineg\u00e9tica de la que presume la vecindad siendo motivo de envidia de las demarcaciones cercanas. Pero aqu\u00ed no acaban las\u00a0 notoriedades del pueblo; otra muy significativa es la extracci\u00f3n de corcho, actividad que proporciona una muy beneficiosa situaci\u00f3n econ\u00f3mica, la cual en \u00e9pocas de penurias sirvi\u00f3 de sost\u00e9n al municipio y a las familias en \u00e9l afincadas.<\/p>\n<p>Esta \u00faltima actividad, empero, no parece ser suficiente para sacar al municipio\u00a0 del atasco econ\u00f3mico en el que se encuentra y que se hace evidente, seg\u00fan informes de la Central Sindical Independiente en la casi menesterosa situaci\u00f3n de buen parte de los trabajadores del Consistorio que se las ven y desean para llegar a final de mes, incluso para adquirir los m\u00e1s elementales recursos de subsistencia a causa de los n\u00f3minas pendientes de cobro acumuladas ms tras mes.<\/p>\n<p>La Diputaci\u00f3n de M\u00e1laga, a la que se acudi\u00f3 en\u00a0 reiteradas ocasiones para solucionar el arduo problema que no parece sino que da largas al asunto y no concreta llevar a la pr\u00e1ctica una moci\u00f3n aprobada de una ayuda extraordinaria y la creaci\u00f3n de una urgente mesa de trabajo hasta el presente sin resultados tangibles. Raz\u00f3n por la cual los trabajadores se han puesto \u00a0en pie de guerra y anuncian una movilizaci\u00f3n de protesta para el pr\u00f3ximo d\u00eda 28 de diciembre para denunciar la dif\u00edcil situaci\u00f3n por la que atraviesan ante los o\u00eddos sordos de las administraciones que no parecen encarar el problema y darle r\u00e1pida soluci\u00f3n.<\/p>\n<p>Dijo Pedro Calder\u00f3n de la Barca, eximio dramaturgo del Siglo de Oro, que \u201cla voz del pueblo es la m\u00e1s sonora salva\u201d. Es lo que toca presenciar en Cortes\u00a0 de la Frontera el 28 de este mes y a\u00f1o que agoniza. \u00bfEs casualidad que sea ese d\u00eda\u00a0 el de los Santos Inocentes?<\/p>\n","protected":false},"excerpt":{"rendered":"<p>&nbsp; Apuros econ\u00f3micos del municipio de Cortes de la Frontera Jos\u00e9 Becerra Es este, Cortes de la Frontera, un municipio que siempre goz\u00f3 de fama por su boyante situaci\u00f3n econ\u00f3mica, algo que fue envidiado por\u00a0 los pueblos lim\u00edtrofes situados como \u00e9ste en las estribaciones de la Serran\u00eda de Ronda y regados por el r\u00edo Guadiaro. [&hellip;]<\/p>\n","protected":false},"author":27495,"featured_media":0,"comment_status":"open","ping_status":"open","sticky":false,"template":"","format":"standard","meta":[],"categories":[3,21],"tags":[97,291,730],"_links":{"self":[{"href":"https:\/\/blogs.diariosur.es\/avuelapluma\/wp-json\/wp\/v2\/posts\/2729"}],"collection":[{"href":"https:\/\/blogs.diariosur.es\/avuelapluma\/wp-json\/wp\/v2\/posts"}],"about":[{"href":"https:\/\/blogs.diariosur.es\/avuelapluma\/wp-json\/wp\/v2\/types\/post"}],"author":[{"embeddable":true,"href":"https:\/\/blogs.diariosur.es\/avuelapluma\/wp-json\/wp\/v2\/users\/27495"}],"replies":[{"embeddable":true,"href":"https:\/\/blogs.diariosur.es\/avuelapluma\/wp-json\/wp\/v2\/comments?post=2729"}],"version-history":[{"count":0,"href":"https:\/\/blogs.diariosur.es\/avuelapluma\/wp-json\/wp\/v2\/posts\/2729\/revisions"}],"wp:attachment":[{"href":"https:\/\/blogs.diariosur.es\/avuelapluma\/wp-json\/wp\/v2\/media?parent=2729"}],"wp:term":[{"taxonomy":"category","embeddable":true,"href":"https:\/\/blogs.diariosur.es\/avuelapluma\/wp-json\/wp\/v2\/categories?post=2729"},{"taxonomy":"post_tag","embeddable":true,"href":"https:\/\/blogs.diariosur.es\/avuelapluma\/wp-json\/wp\/v2\/tags?post=2729"}],"curies":[{"name":"wp","href":"https:\/\/api.w.org\/{rel}","templated":true}]}}