{"id":2733,"date":"2016-12-31T11:07:09","date_gmt":"2016-12-31T10:07:09","guid":{"rendered":"http:\/\/blogs.diariosur.es\/avuelapluma\/?p=2733"},"modified":"2016-12-31T11:07:09","modified_gmt":"2016-12-31T10:07:09","slug":"mano-tendida-al-yacimiento-de-acinipo","status":"publish","type":"post","link":"https:\/\/blogs.diariosur.es\/avuelapluma\/2016\/12\/31\/mano-tendida-al-yacimiento-de-acinipo\/","title":{"rendered":"Mano tendida al yacimiento de Acinipo"},"content":{"rendered":"<p><a id=\"detail\" title=\"Ver detalles de im\u00e1genes\" href=\"http:\/\/www.bing.com\/images\/search?q=imagenes+de+acinipo&#038;view=detailv2&#038;qpvt=imagenes+de+acinipo&#038;id=32EF18B576A7E3C67338E7D83E11A7AB6AAC5093&#038;selectedIndex=2&#038;ccid=A5ZZIcUA&#038;simid=608047639598793491&#038;thid=OIP.M03965921c500a739056aeebb9a2ad166o0\" rel=\"external nofollow\"><img src=\"\/\/tse1.mm.bing.net\/th?&#038;id=OIP.M03965921c500a739056aeebb9a2ad166o0&#038;w=232&#038;h=300&#038;c=0&#038;pid=1.9&#038;rs=0&#038;p=0&#038;r=0\" alt=\"\" \/><\/a><\/p>\n<p>&nbsp;<\/p>\n<p>Mano tendida al yacimiento de Acinipo<\/p>\n<p>El pacto entre el Partido Popular y Ciudadanos est\u00e1 arrojando mejoras que los ciudadanos no tenemos por menos que agradecer. Los socios del partido que lidera Albert Rivera no se conforman, empero, con este entendimiento con los populares y van m\u00e1s all\u00e1 seguros como est\u00e1n que las huestes que comanda Rajoy le echar\u00e1n una mano cuando ello sea preciso: van por su cuenta en el reclamo de acciones que, por ejemplo, tratan de impulsar antiguas reivindicaciones a las \u00a0que el POSE ven\u00eda haciendo o\u00eddos sordos. Po ejemplo, la de la necesidad de poner en valor el yacimiento de Acinipo, que de manera evidente coadyuva al engrandecimiento de las se\u00f1as de identidad de la Ronda milenaria.<\/p>\n<p>El m\u00e1s claro exponente del asentamiento de Roma en el territorio que hoy responde al nombre de Ronda, fue la ciudad de Arunda, y a muy escasa distancia la de Acinipo, cuyo teatro nos retrotrae a la \u00e9poca de m\u00e1xima expansi\u00f3n del imperio nacido en las orillas del Tiber.<br \/>\nAntes, en el mismo lugar o en las cercan\u00edas donde la ciudad se abre a la curiosidad de propios y extra\u00f1os sentaron sus reales los celt\u00edberos, una conjunci\u00f3n de pueblos celtas e \u00edberos. Tambi\u00e9n Tartessos tuvo sus ramificaciones en el lugar, un pueblo a caballo entre la historia y la leyenda que bas\u00f3 su econom\u00eda en la agricultura del olivo y la vid, por lo que los historiadores que discrepan en cuanto si hollaron o no las tierras ronde\u00f1as \u2013 su asentimiento principal fueron las actuales provincias de Huelva y C\u00e1diz, pero que extendieron hasta el sur peninsular, llegando hasta en norte de \u00c1frica, por lo que no hay que desde\u00f1ar su paso por las que ser\u00eda el \u00e1mbito geogr\u00e1fico ronde\u00f1o \u2013 s\u00ed est\u00e1n de acuerdo en que fueron los que impulsaron el desarrollo de este tipo de plantaciones, a las que Roma sac\u00f3 tanto provecho. El vino y el aceite hispano que las familias nobiliarias se disputaban en la metr\u00f3polis.<br \/>\nRoma aprovech\u00f3 calzadas que cruzaban la pen\u00ednsula de norte a sur, y que han servido para el trazado de las carreteras actuales, y lo mismo hizo con los poblados que encontr\u00f3 a su paso. Es el caso de Acinipo, al que le cupo el honor de recibir el espaldarazo de Vespasiano, el cual le otorg\u00f3 el derecho latino, emparej\u00e1ndola as\u00ed con poblaciones como C\u00f3rdoba y Sevilla. Una floreciente poblaci\u00f3n de cuya importancia habla elocuentemente la construcci\u00f3n del teatro, cuyos restos han llegado hasta nuestros d\u00edas. En muy lamentable estado, hay que reconocerlo, a causa de la desidia de pol\u00edticos locales que no movieron un dedo para prestarle la atenci\u00f3n debida dado su indudable significado hist\u00f3rico.<\/p>\n<p>Ahora, el parlamentario malague\u00f1o de la formaci\u00f3n naranja Carlos Hern\u00e1ndez, acaba de anunciar una enmienda aprobada por la Junta de Andaluc\u00eda en sus presupuestos para el a\u00f1o que acaba de asomar sus barbas, mediante la cual se destinar\u00e1n 150.000 euros para poner en valor tan legendarios restos, de manera y forma que sean accesibles al turismo sin las\u00a0 trabas que hasta ahora sufr\u00edan. Tales medidas \u201credundar\u00e1n en bien de Ronda, M\u00e1laga y la comunidad aut\u00f3noma andaluza\u201d.<\/p>\n<p>Llega tarde el reconocimiento, pero como dice el refranero\u00a0popular, siempre tan sabio, \u201c m\u00e1s vale tarde que nunca\u201d.<\/p>\n<p><strong><span style=\"font-family: Calibri; font-size: x-small;\">\u00a0<\/span><\/strong><\/p>\n<p><strong>\u00a0<\/strong><\/p>\n<p><strong>\u00a0<\/strong><\/p>\n","protected":false},"excerpt":{"rendered":"<p>&nbsp; Mano tendida al yacimiento de Acinipo El pacto entre el Partido Popular y Ciudadanos est\u00e1 arrojando mejoras que los ciudadanos no tenemos por menos que agradecer. Los socios del partido que lidera Albert Rivera no se conforman, empero, con este entendimiento con los populares y van m\u00e1s all\u00e1 seguros como est\u00e1n que las huestes [&hellip;]<\/p>\n","protected":false},"author":27495,"featured_media":0,"comment_status":"open","ping_status":"open","sticky":false,"template":"","format":"standard","meta":[],"categories":[3,19],"tags":[46,922,1076],"_links":{"self":[{"href":"https:\/\/blogs.diariosur.es\/avuelapluma\/wp-json\/wp\/v2\/posts\/2733"}],"collection":[{"href":"https:\/\/blogs.diariosur.es\/avuelapluma\/wp-json\/wp\/v2\/posts"}],"about":[{"href":"https:\/\/blogs.diariosur.es\/avuelapluma\/wp-json\/wp\/v2\/types\/post"}],"author":[{"embeddable":true,"href":"https:\/\/blogs.diariosur.es\/avuelapluma\/wp-json\/wp\/v2\/users\/27495"}],"replies":[{"embeddable":true,"href":"https:\/\/blogs.diariosur.es\/avuelapluma\/wp-json\/wp\/v2\/comments?post=2733"}],"version-history":[{"count":0,"href":"https:\/\/blogs.diariosur.es\/avuelapluma\/wp-json\/wp\/v2\/posts\/2733\/revisions"}],"wp:attachment":[{"href":"https:\/\/blogs.diariosur.es\/avuelapluma\/wp-json\/wp\/v2\/media?parent=2733"}],"wp:term":[{"taxonomy":"category","embeddable":true,"href":"https:\/\/blogs.diariosur.es\/avuelapluma\/wp-json\/wp\/v2\/categories?post=2733"},{"taxonomy":"post_tag","embeddable":true,"href":"https:\/\/blogs.diariosur.es\/avuelapluma\/wp-json\/wp\/v2\/tags?post=2733"}],"curies":[{"name":"wp","href":"https:\/\/api.w.org\/{rel}","templated":true}]}}