{"id":2736,"date":"2017-01-07T09:49:57","date_gmt":"2017-01-07T08:49:57","guid":{"rendered":"http:\/\/blogs.diariosur.es\/avuelapluma\/?p=2736"},"modified":"2017-01-07T09:49:57","modified_gmt":"2017-01-07T08:49:57","slug":"el-nuevo-hospital-de-ronda-a-trancas-y-barrancas","status":"publish","type":"post","link":"https:\/\/blogs.diariosur.es\/avuelapluma\/2017\/01\/07\/el-nuevo-hospital-de-ronda-a-trancas-y-barrancas\/","title":{"rendered":"El  nuevo hospital de Ronda a trancas y barrancas"},"content":{"rendered":"<p>&nbsp;<\/p>\n<p><a title=\"Buscar im\u00e1genes de imagenes del nuevo hospital de Ronda, diario sur\" href=\"http:\/\/www.bing.com\/images\/search?q=imagenes+del+nuevo+hospital+de+Ronda%2c+diario+sur&#038;id=5456F4E011D37B919201305C7BF9CE43FFF81032&#038;FORM=IQFRBA\" rel=\"external nofollow\"><img loading=\"lazy\" id=\"emb7967B3FC\" src=\"\/\/tse1.mm.bing.net\/th?id=OIP.M47dc9e45e37524c9e0ab0994d4319f6eo0&#038;w=122&#038;h=105&#038;c=8&#038;rs=1&#038;qlt=90&#038;dpr=125&#038;pid=3.1&#038;rm=2\" alt=\"Resultado de im\u00e1genes de imagenes del nuevo hospital de Ronda, diario sur\" width=\"122\" height=\"105\" data-priority=\"2\" data-bm=\"27\" data-src-hq=\"http:\/\/tse1.mm.bing.net\/th?id=OIP.M47dc9e45e37524c9e0ab0994d4319f6eo0&#038;w=122&#038;h=105&#038;c=8&#038;rs=1&#038;qlt=90&#038;dpr=125&#038;pid=3.1&#038;rm=2\" \/><\/a><\/p>\n<p>&nbsp;<\/p>\n<p>El\u00a0 nuevo hospital de Ronda a trancas y barrancas<\/p>\n<p>Jos\u00e9 Becerra<\/p>\n<p>No acaba de arrancar el nuevo hospital de Ronda. Hace tiempo que escuch\u00f3 el \u201clev\u00e1ntate y anda\u201d, pero sigue l\u00e1nguido y postergado. Est\u00e1 en manos de la Junta y en concreto de la Consejer\u00eda de Salud quien determine la licencia de primera ocupaci\u00f3n y, por ende, el pl\u00e1cet para que con instalaciones justifiquen de una vez por todas las necesidades\u00a0 para las que fueron creadas a\u00f1os atr\u00e1s. Desde el Consistorio, el delegado de Obras y Urbanismo, Francisco M\u00e1rquez,\u00a0 ha se\u00f1alado algo as\u00ed como que la pelota est\u00e1 en el tejado de la Consejer\u00eda de Salud, de quien se espera la \u00faltima palabra al respecto. \u201cQu\u00e9 largo me lo fiais\u201d, que dijo el cl\u00e1sico.<\/p>\n<p>Se est\u00e1, pues, a la espera, una vez que el Ayuntamiento ha dictaminado el final de las obras, incluidas las del acceso- un serio tropiezo, que parece haberse solucionado con su adecuada construcci\u00f3n- y las de las oportuna electrificaci\u00f3n y saneamiento, condiciones sine qua non para que el nuevo centro sanitario abriera sus puertas definitivamente, se autorice su traslado al lugar definitivo, lo que va exigir una nueva espera. La Consejer\u00eda de Salud estima en\u00a0 12 semanas el plazo para que el funcionamiento pleno se verifique. Cuatro meses, o sea, para que los ronde\u00f1os y serranos de los pueblos lim\u00edtrofes puedan ser atendidos debidamente en las flamantes instalaciones hospitalarias.<\/p>\n<p>Con todo, una cuesti\u00f3n candente sigue sin determinarse adecuadamente: el paso de peatones que permita el f\u00e1cil acceso soterrado al centro en cuesti\u00f3n. Ser\u00e1 la Diputaci\u00f3n quien deber\u00e1 aportar la financiaci\u00f3n requerida. Algo en lo que\u00a0 conf\u00eda el Ayuntamiento ronde\u00f1o, pero que todav\u00eda est\u00e1 en el aire ya que la administraci\u00f3n supramunicipal no ha dicho esta boca es m\u00eda al respecto. Una nueva espera que habr\u00e1 que afrontar con la resignaci\u00f3n a la que ya\u00a0 estamos acostumbrados.<\/p>\n","protected":false},"excerpt":{"rendered":"<p>&nbsp; &nbsp; El\u00a0 nuevo hospital de Ronda a trancas y barrancas Jos\u00e9 Becerra No acaba de arrancar el nuevo hospital de Ronda. Hace tiempo que escuch\u00f3 el \u201clev\u00e1ntate y anda\u201d, pero sigue l\u00e1nguido y postergado. Est\u00e1 en manos de la Junta y en concreto de la Consejer\u00eda de Salud quien determine la licencia de primera [&hellip;]<\/p>\n","protected":false},"author":27495,"featured_media":0,"comment_status":"open","ping_status":"open","sticky":false,"template":"","format":"standard","meta":[],"categories":[3,19],"tags":[96,535,922],"_links":{"self":[{"href":"https:\/\/blogs.diariosur.es\/avuelapluma\/wp-json\/wp\/v2\/posts\/2736"}],"collection":[{"href":"https:\/\/blogs.diariosur.es\/avuelapluma\/wp-json\/wp\/v2\/posts"}],"about":[{"href":"https:\/\/blogs.diariosur.es\/avuelapluma\/wp-json\/wp\/v2\/types\/post"}],"author":[{"embeddable":true,"href":"https:\/\/blogs.diariosur.es\/avuelapluma\/wp-json\/wp\/v2\/users\/27495"}],"replies":[{"embeddable":true,"href":"https:\/\/blogs.diariosur.es\/avuelapluma\/wp-json\/wp\/v2\/comments?post=2736"}],"version-history":[{"count":0,"href":"https:\/\/blogs.diariosur.es\/avuelapluma\/wp-json\/wp\/v2\/posts\/2736\/revisions"}],"wp:attachment":[{"href":"https:\/\/blogs.diariosur.es\/avuelapluma\/wp-json\/wp\/v2\/media?parent=2736"}],"wp:term":[{"taxonomy":"category","embeddable":true,"href":"https:\/\/blogs.diariosur.es\/avuelapluma\/wp-json\/wp\/v2\/categories?post=2736"},{"taxonomy":"post_tag","embeddable":true,"href":"https:\/\/blogs.diariosur.es\/avuelapluma\/wp-json\/wp\/v2\/tags?post=2736"}],"curies":[{"name":"wp","href":"https:\/\/api.w.org\/{rel}","templated":true}]}}