{"id":2740,"date":"2017-01-11T10:38:47","date_gmt":"2017-01-11T09:38:47","guid":{"rendered":"http:\/\/blogs.diariosur.es\/avuelapluma\/?p=2740"},"modified":"2017-01-11T10:38:47","modified_gmt":"2017-01-11T09:38:47","slug":"clausulas-suelo-tsunami-en-los-bancos","status":"publish","type":"post","link":"https:\/\/blogs.diariosur.es\/avuelapluma\/2017\/01\/11\/clausulas-suelo-tsunami-en-los-bancos\/","title":{"rendered":"Cl\u00e1usulas suelo: tsunami en los bancos"},"content":{"rendered":"<p>&nbsp;<\/p>\n<p>&nbsp;<\/p>\n<p>Cl\u00e1usulas suelo: tsunami en los bancos<\/p>\n<p>El anuncio del Tribunal de Justicia de la Uni\u00f3n Europea (TJUE)) hecho p\u00fablico d\u00edas atr\u00e1s sobre la retroactividad de indemnizaciones a las que est\u00e1n obligados a satisfacer a los afectados por cl\u00e1usulas luego ha dejado (con perd\u00f3n) con el culo al aire a muchos bancos. Se ha comenzado ya a establecer sentencias que aplican la susodicha resoluci\u00f3n que viene a hacer posible la devoluci\u00f3n a los afectados escorando la del Tribunal Supremo. Una sentencia que ha sido\u00a0 acogida con alborozo, como no pod\u00eda ser de otra manera, por los miles de afectados por esta (mala) praxis bancaria que van a ver c\u00f3mo vuelven a sus bolsillos importantes cantidades a las que cre\u00edan irremisiblemente perdidas.<\/p>\n<p>El Gobierno, que no ha hecho o\u00eddos sordos (como debe ser) a las irregularidades practicadas por las entidades financieras a este respecto aprobar\u00e1 de manera inminente un C\u00f3digo de Buenas Pr\u00e1cticas, auspiciadas por su portavoz, I\u00f1igo M\u00e9ndez de Vigo, que pondr\u00e1 negro sobre blanco que \u201ccon celeridad\u201d se devuelva a los afectados las cantidades improcedentes que vinieron\u00a0 a acrecentar con desmesura en su d\u00eda la deuda contra\u00edda con las entidades financieras en cuesti\u00f3n. Un Real Decreto Ley que se ha hecho esperar pero que ya se aprueba y que viene en auxilio de los afectados, tras la sentencia consecuente.<\/p>\n<p>Se estima por los entendidos en la cuesti\u00f3n,\u00a0 que ahora han salido a la palestra y dictaminan con rigor,\u00a0 que el impacto sufrido por la banca hasta el punto de hacer trastabillar sus cimientos asciende\u00a0 \u00a0a m\u00e1s de 4.000 millones de euros. Y nos preguntamos con\u00a0 toda la candidez del mundo: \u00bfno ser\u00e1n culpables de este desaguisado bancario los ejecutivos se\u00f1eros que gozan de los salarios m\u00e1s elevados en el pa\u00eds? Ah\u00ed queda la pregunta en el aire.<\/p>\n<p>suelo: tsunami en los bancos<\/p>\n","protected":false},"excerpt":{"rendered":"<p>&nbsp; &nbsp; Cl\u00e1usulas suelo: tsunami en los bancos El anuncio del Tribunal de Justicia de la Uni\u00f3n Europea (TJUE)) hecho p\u00fablico d\u00edas atr\u00e1s sobre la retroactividad de indemnizaciones a las que est\u00e1n obligados a satisfacer a los afectados por cl\u00e1usulas luego ha dejado (con perd\u00f3n) con el culo al aire a muchos bancos. Se ha [&hellip;]<\/p>\n","protected":false},"author":27495,"featured_media":0,"comment_status":"open","ping_status":"open","sticky":false,"template":"","format":"standard","meta":[],"categories":[3,6],"tags":[125,233],"_links":{"self":[{"href":"https:\/\/blogs.diariosur.es\/avuelapluma\/wp-json\/wp\/v2\/posts\/2740"}],"collection":[{"href":"https:\/\/blogs.diariosur.es\/avuelapluma\/wp-json\/wp\/v2\/posts"}],"about":[{"href":"https:\/\/blogs.diariosur.es\/avuelapluma\/wp-json\/wp\/v2\/types\/post"}],"author":[{"embeddable":true,"href":"https:\/\/blogs.diariosur.es\/avuelapluma\/wp-json\/wp\/v2\/users\/27495"}],"replies":[{"embeddable":true,"href":"https:\/\/blogs.diariosur.es\/avuelapluma\/wp-json\/wp\/v2\/comments?post=2740"}],"version-history":[{"count":0,"href":"https:\/\/blogs.diariosur.es\/avuelapluma\/wp-json\/wp\/v2\/posts\/2740\/revisions"}],"wp:attachment":[{"href":"https:\/\/blogs.diariosur.es\/avuelapluma\/wp-json\/wp\/v2\/media?parent=2740"}],"wp:term":[{"taxonomy":"category","embeddable":true,"href":"https:\/\/blogs.diariosur.es\/avuelapluma\/wp-json\/wp\/v2\/categories?post=2740"},{"taxonomy":"post_tag","embeddable":true,"href":"https:\/\/blogs.diariosur.es\/avuelapluma\/wp-json\/wp\/v2\/tags?post=2740"}],"curies":[{"name":"wp","href":"https:\/\/api.w.org\/{rel}","templated":true}]}}