{"id":2744,"date":"2017-01-16T09:38:52","date_gmt":"2017-01-16T08:38:52","guid":{"rendered":"http:\/\/blogs.diariosur.es\/avuelapluma\/?p=2744"},"modified":"2017-01-16T09:38:52","modified_gmt":"2017-01-16T08:38:52","slug":"reformas-en-la-manquita","status":"publish","type":"post","link":"https:\/\/blogs.diariosur.es\/avuelapluma\/2017\/01\/16\/reformas-en-la-manquita\/","title":{"rendered":"Reformas en \u201cLa Manquita\u201d"},"content":{"rendered":"<p><a title=\"Buscar im\u00e1genes de imagenes de la catedral de m\u00e1laga\" href=\"http:\/\/www.bing.com\/images\/search?q=imagenes+de+la+catedral+de+m%c3%a1laga&#038;id=A4B6858C7E3FCEE61D3C59CA09014952463381AC&#038;FORM=IQFRBA\" rel=\"external nofollow\"><img loading=\"lazy\" id=\"embAED4967\" src=\"\/\/tse1.mm.bing.net\/th?id=OIP.M7cdb80a7003f7c4af12539d35111ae42o0&#038;w=116&#038;h=105&#038;c=8&#038;rs=1&#038;qlt=90&#038;pid=3.1&#038;rm=2\" alt=\"Resultado de im\u00e1genes de imagenes de la catedral de m\u00e1laga\" width=\"116\" height=\"105\" data-bm=\"27\" data-priority=\"2\" data-src-hq=\"http:\/\/tse1.mm.bing.net\/th?id=OIP.M7cdb80a7003f7c4af12539d35111ae42o0&#038;w=116&#038;h=105&#038;c=8&#038;rs=1&#038;qlt=90&#038;pid=3.1&#038;rm=2\" \/><\/a><\/p>\n<p>&nbsp;<\/p>\n<p>Reformas en \u201cLa Manquita\u201d<\/p>\n<p>Sean bienvenidas las reformas estructurales que se han de llevar a cabo en la emblem\u00e1tica Catedral de M\u00e1laga, com\u00fanmente conocida como \u201cLa Manquita\u201d, por no haberse construido en su d\u00eda la torre sur como saben, que deb\u00eda emparejarse con la que, airosa y magnificente, se alza al cielo en su fachada norte. Bien est\u00e1 que de esta joya renacentista, orgullo de los malague\u00f1os,\u00a0 se repare su techumbre, y su disposici\u00f3n interior cambie y se acomode a los retos que el tiempo ha venido incidiendo en su colosal imagen tanto interior como exterior. Que se acomoden los espacios a las necesidades del culto y se reparen las filtraciones que obran en detrimento de su cubierta son reformas que no admiten dilaci\u00f3n posible. Nadie parece estar en contra de esa determinaci\u00f3n.<\/p>\n<p>Otra cosa es la pretendida construcci\u00f3n de la torre sur perge\u00f1ada por los arquitectos de la talla de Egas, Diego de Silo\u00e9, y el mismo Andr\u00e9s de Vandelmira, am\u00e9n de otros grandes maestros renacentistas andaluces que intervinieron en el santo recinto malague\u00f1o, y que no lleg\u00f3 a perfilarse jam\u00e1s, entre otras cosas porque las intervenciones procedentes del Gobierno central, o en su defecto, de la Junta de Andaluc\u00eda\u00a0 han brillado por su ausencia, pese a su condici\u00f3n incuestionable de primer templo de la ciudad: en esta cuesti\u00f3n se encuentra a la cola en la lista de los templos andaluces.<\/p>\n<p>El campanario, que por su ausencia imprime car\u00e1cter propio a \u201cLa Manquita\u201d, no es, empero, una necesidad perentoria, como con muy bien criterio se ha venido a afirmar desde el Obispado. S\u00ed lo es, por el contrario, un an\u00e1lisis pormenorizado de las deficiencias del templo en lo que, como digo, toca a su estructura y que\u00a0 muestran el car\u00e1cter urgente de la intervenci\u00f3n, algo que el cabildo catedralicio, feligreses y visitantes ocasionales agradecer\u00edan en grado sumo.<\/p>\n<p>La torre sur puede esperar, entre otras cosas, porque la existente, la cual se eleva hasta los 85 metros de altura, siendo la m\u00e1s alta de Espa\u00f1a, si obviamos la Giralda de Sevilla, viene imprimiendo personalidad propia al templo y es el referente obligado que no deja de cautivar a quienes la contemplan desde las bases del se\u00f1ero monumento religioso. A nadie se le ocurr\u00eda, acudiendo a un ejemplo de construcciones que llaman poderosamente la atenci\u00f3n, \u201cenderezar\u201d la famosa torre inclinada de Pisa: as\u00ed se observa desde su construcci\u00f3n hace la friolera de 800 a\u00f1os, constituyendo el santo y se\u00f1a de la ciudad que se asienta en la regi\u00f3n italiana de\u00a0 la Toscana.<\/p>\n<p>Que siga siendo, pues, \u201cLa Manquita\u201d para muchos a\u00f1os como imagen imperecedera de la ciudad a la que otorga particular sello y singularidad.<\/p>\n","protected":false},"excerpt":{"rendered":"<p>&nbsp; Reformas en \u201cLa Manquita\u201d Sean bienvenidas las reformas estructurales que se han de llevar a cabo en la emblem\u00e1tica Catedral de M\u00e1laga, com\u00fanmente conocida como \u201cLa Manquita\u201d, por no haberse construido en su d\u00eda la torre sur como saben, que deb\u00eda emparejarse con la que, airosa y magnificente, se alza al cielo en su [&hellip;]<\/p>\n","protected":false},"author":27495,"featured_media":0,"comment_status":"open","ping_status":"open","sticky":false,"template":"","format":"standard","meta":[],"categories":[17],"tags":[208,645,888],"_links":{"self":[{"href":"https:\/\/blogs.diariosur.es\/avuelapluma\/wp-json\/wp\/v2\/posts\/2744"}],"collection":[{"href":"https:\/\/blogs.diariosur.es\/avuelapluma\/wp-json\/wp\/v2\/posts"}],"about":[{"href":"https:\/\/blogs.diariosur.es\/avuelapluma\/wp-json\/wp\/v2\/types\/post"}],"author":[{"embeddable":true,"href":"https:\/\/blogs.diariosur.es\/avuelapluma\/wp-json\/wp\/v2\/users\/27495"}],"replies":[{"embeddable":true,"href":"https:\/\/blogs.diariosur.es\/avuelapluma\/wp-json\/wp\/v2\/comments?post=2744"}],"version-history":[{"count":0,"href":"https:\/\/blogs.diariosur.es\/avuelapluma\/wp-json\/wp\/v2\/posts\/2744\/revisions"}],"wp:attachment":[{"href":"https:\/\/blogs.diariosur.es\/avuelapluma\/wp-json\/wp\/v2\/media?parent=2744"}],"wp:term":[{"taxonomy":"category","embeddable":true,"href":"https:\/\/blogs.diariosur.es\/avuelapluma\/wp-json\/wp\/v2\/categories?post=2744"},{"taxonomy":"post_tag","embeddable":true,"href":"https:\/\/blogs.diariosur.es\/avuelapluma\/wp-json\/wp\/v2\/tags?post=2744"}],"curies":[{"name":"wp","href":"https:\/\/api.w.org\/{rel}","templated":true}]}}