{"id":2746,"date":"2017-01-19T11:04:34","date_gmt":"2017-01-19T10:04:34","guid":{"rendered":"http:\/\/blogs.diariosur.es\/avuelapluma\/?p=2746"},"modified":"2017-01-19T11:04:34","modified_gmt":"2017-01-19T10:04:34","slug":"ronda-alta-y-fria","status":"publish","type":"post","link":"https:\/\/blogs.diariosur.es\/avuelapluma\/2017\/01\/19\/ronda-alta-y-fria\/","title":{"rendered":"Ronda, alta y fr\u00eda"},"content":{"rendered":"<p>&nbsp;<\/p>\n<p><a id=\"detail\" title=\"Ver detalles de im\u00e1genes\" href=\"http:\/\/www.bing.com\/images\/search?q=imagenes+de+nevadas+en+Ronda&#038;view=detailv2&#038;qpvt=imagenes+de+nevadas+en+Ronda&#038;id=AC6B6BD2C21347A70A85C7B87EFF18ADC3E7E294&#038;selectedIndex=0&#038;ccid=Li%2f%2btNVG&#038;simid=608011025018324396&#038;thid=OIP.M2e2ffeb4d546775a6d5282e8f552dd87o0\" rel=\"external nofollow\"><img src=\"\/\/tse1.mm.bing.net\/th?&#038;id=OIP.M2e2ffeb4d546775a6d5282e8f552dd87o0&#038;w=300&#038;h=199&#038;c=0&#038;pid=1.9&#038;rs=0&#038;p=0&#038;r=0\" alt=\"\" \/><\/a><\/p>\n<p align=\"left\"><span style=\"font-family: Calibri;\">\u00a0<\/span><\/p>\n<p><strong>Ronda, alta y fr\u00eda<\/strong><\/p>\n<p>&nbsp;<\/p>\n<p><strong>JOS\u00c9 BECERRA<\/strong><\/p>\n<p><strong>Llegaron las nevadas a Ronda con nocturnidad, pero sin alevos\u00eda ya que eran esperadas. Los copos de nieve se descolgaron por la ciudad con las sombras nocturnas y dejaron su bella impronta en la ciudad y en los pueblos de su entorno. El fr\u00edo intenso se adue\u00f1a de la comarca como ocurre en el resto de la provincia de M\u00e1laga. Se suceder\u00e1n como es previsible los d\u00edas g\u00e9lidos que dejar\u00e1n una estampa atrayente e ins\u00f3lita en la serran\u00eda ronde\u00f1a y los picos de las sierras se revestir\u00e1n (ya lo est\u00e1n) con ese manto de armi\u00f1o caracter\u00edstico que tanto aviva las imaginaciones.<\/strong><\/p>\n<p><strong>\u00a0\u00a0 Tal vez no lo haga con\u00a0 la sa\u00f1a de otras ocasiones, cuando las sierras se te\u00f1\u00edan de un espeso y n\u00edveo manto \u00a0\u00a0y as\u00ed permanec\u00edan incluso semanas. Ahora, puedo que lo haga con timidez avisando que las nieves pueden ir a m\u00e1s si se lo proponen, fruto del fr\u00edo intenso que por estas fechas suele aposentarse en la comarca de cara a los iracundos vientos\u00a0 que soplan desde el norte.<\/strong><\/p>\n<p><strong>\u00a0 \u00a0Primero ser\u00e1n los picos de las sierras, macizos escarpados que anteceden a Ronda por la carretera que por San Pedro la une a la costa, los que se revestir\u00e1n con el blanquecino ropaje. No tardar\u00e1n en hacerlo, que el invierno envi\u00f3 ya sus heraldos anunciadores bien provistos de adargas y afiladas lanzas que aguijonean la piel y entrecortan el aliento.<\/strong><\/p>\n<p><strong>\u00a0\u00a0 El `Arunda fortis et fidelis` campea en el escudo de la ciudad de Ronda desde que, mediados el siglo XV, cayera en manos de los Reyes Cat\u00f3licos, que pusieron fin por entonces al reino nazar\u00ed. Fuerte y fiel, dice bien en letras de oro. Habr\u00eda que a\u00f1adir otros adjetivos menos se\u00f1oriales, pero igualmente certeros. `Ronda, alta y fr\u00eda\u00b4 tambi\u00e9n describir\u00eda a la ciudad so\u00f1ada de Rilke. Ronda mesete\u00f1a, erigida sobre la planicie sin proximidad inmediata de sierras o montes que la cobijen o sirvan de valladar al fr\u00edo norte\u00f1o. Cuando se deja sentir, fino y lacerante, rasga la piel como fino bistur\u00ed y hiela el aliento.<\/strong><\/p>\n<p>\u201c<strong>Ponte la bufanda y abr\u00edgate bien que en Ronda hace mucho fr\u00edo\u201d, sol\u00eda decirme mi madre, sol\u00edcita\u00a0\u00a0cuando pensaba dejarme caer por la ciudad, a\u00f1os atr\u00e1s, ascendiendo hasta ella desde uno de los pueblos que\u00a0ci\u00f1en\u00a0\u00a0sus casas a la querencia del Guadiaro. El consejo era necesario y siempre\u00a0bien recibido. Efectivamente, en d\u00edas crudos de invierno, en Ronda hac\u00eda m\u00e1s fr\u00edo que en cualquiera otro lugar de la provincia malague\u00f1a. Titiritaba uno en el Puente Nuevo, segu\u00eda la tiritera corriendo de arriba abajo la calle de La Bola y casta\u00f1eaban los dientes en la estaci\u00f3n de RENFE cuando se dispon\u00eda el regreso. \u00a1Dios, qu\u00e9 fr\u00edo hac\u00eda en la estaci\u00f3n! Lejos todav\u00eda el despliegue de carreteras y la utilizaci\u00f3n de los autom\u00f3viles, un destartalado and\u00e9n y un no menos\u00a0vetusto tren, prolongaban el fr\u00edo hasta llegar y refocilarme con\u00a0el amor del hogar.<\/strong><\/p>\n<p><strong>\u00a0\u00a0 Me vienen estos recuerdos callejeando por la Ronda de hoy, sumida en el fr\u00edo que abate a la Pen\u00ednsula por entero. Como era de esperar, aqu\u00ed, cuando hace fr\u00edo, lo sigue haciendo de verdad. Lo confirman los noticiarios que recurren a reporteros que se nos aparecen ateridos, sacudi\u00e9ndose del gorro los copos de nieve, con un trasfondo blanco y el agobio de quienes tratan de conducir por carreteras cortadas. Belleza y atascos, imprecaciones y jolgorio. Cara y cruz de una situaci\u00f3n que en Ronda no es rara pero que no deja por eso de impactar.<\/strong><\/p>\n<p><strong>\u00a0\u00a0 El fr\u00edo relente\u00a0vaciar\u00e1 la siempre bien concurrida calle de La Bola, en la que hay que recalar cada d\u00eda, casi por obligaci\u00f3n, cuando el tiempo no hostiga. El flagelo del fr\u00edo arrojar\u00e1 a los pocos que se aventuran a salir hacia el calorcillo de los bares. Nadie se para delante de los escaparates, el vendedor de cupones de la Once busca aterido la complicidad de los vanos de las puertas y el\u00a0 de menudencias vegetales, que ya forma parte, por su asiduidad al mismo sitio, de la imagen de la transitada calle, maldice el d\u00eda y levanta el tenderete con prisas y corriendo. Nadie en el estanco de Marcos Morilla, el fiel referente de la v\u00eda desde m\u00e1s de un siglo a esta parte.<\/strong><\/p>\n<p><strong>\u00a0\u00a0 Ronda desaf\u00eda\u00a0a la ventisca\u00a0a pecho descubierto. No tiene muy cerca, ya digo, las sierras que abrigan a los pueblos pr\u00f3ximos. Le cogen lejos las escarpaduras de las sierras de Grazalema; el escudo de Tavizna que protege a Montejaque; las de Juan Diego que acunan a Benaoj\u00e1n, o los Alcornocales que mitigan el acoso g\u00e9lido en el Cortes de la Frontera se\u00f1orial. Se alza Ronda soberbia en su meseta y paga cara su arrogancia cuando arrecia el temporal y campea el\u00a0cierzo sin trabas ni componendas.<\/strong><\/p>\n","protected":false},"excerpt":{"rendered":"<p>&nbsp; \u00a0 Ronda, alta y fr\u00eda &nbsp; JOS\u00c9 BECERRA Llegaron las nevadas a Ronda con nocturnidad, pero sin alevos\u00eda ya que eran esperadas. Los copos de nieve se descolgaron por la ciudad con las sombras nocturnas y dejaron su bella impronta en la ciudad y en los pueblos de su entorno. El fr\u00edo intenso se [&hellip;]<\/p>\n","protected":false},"author":27495,"featured_media":0,"comment_status":"open","ping_status":"open","sticky":false,"template":"","format":"standard","meta":[],"categories":[19,21],"tags":[473,725,922],"_links":{"self":[{"href":"https:\/\/blogs.diariosur.es\/avuelapluma\/wp-json\/wp\/v2\/posts\/2746"}],"collection":[{"href":"https:\/\/blogs.diariosur.es\/avuelapluma\/wp-json\/wp\/v2\/posts"}],"about":[{"href":"https:\/\/blogs.diariosur.es\/avuelapluma\/wp-json\/wp\/v2\/types\/post"}],"author":[{"embeddable":true,"href":"https:\/\/blogs.diariosur.es\/avuelapluma\/wp-json\/wp\/v2\/users\/27495"}],"replies":[{"embeddable":true,"href":"https:\/\/blogs.diariosur.es\/avuelapluma\/wp-json\/wp\/v2\/comments?post=2746"}],"version-history":[{"count":0,"href":"https:\/\/blogs.diariosur.es\/avuelapluma\/wp-json\/wp\/v2\/posts\/2746\/revisions"}],"wp:attachment":[{"href":"https:\/\/blogs.diariosur.es\/avuelapluma\/wp-json\/wp\/v2\/media?parent=2746"}],"wp:term":[{"taxonomy":"category","embeddable":true,"href":"https:\/\/blogs.diariosur.es\/avuelapluma\/wp-json\/wp\/v2\/categories?post=2746"},{"taxonomy":"post_tag","embeddable":true,"href":"https:\/\/blogs.diariosur.es\/avuelapluma\/wp-json\/wp\/v2\/tags?post=2746"}],"curies":[{"name":"wp","href":"https:\/\/api.w.org\/{rel}","templated":true}]}}