{"id":2748,"date":"2017-01-23T10:02:36","date_gmt":"2017-01-23T09:02:36","guid":{"rendered":"http:\/\/blogs.diariosur.es\/avuelapluma\/?p=2748"},"modified":"2017-01-23T10:02:36","modified_gmt":"2017-01-23T09:02:36","slug":"el-despotismo-de-las-electricas","status":"publish","type":"post","link":"https:\/\/blogs.diariosur.es\/avuelapluma\/2017\/01\/23\/el-despotismo-de-las-electricas\/","title":{"rendered":"El despotismo de las el\u00e9ctricas"},"content":{"rendered":"<p align=\"left\">El despotismo de las el\u00e9ctricas<\/p>\n<p>Hay familias en el pa\u00eds que tiritan \u00a0\u00a0a causa de exiguos emolumentos que no les permiten encender la estufa para atajar los zarpazos del fr\u00edo, que se ceba en los que menos tienen. Algunos hogares les prestan por lo menos cobijo, pero otros, sobre todo en las ciudades, los sin techo, que suman caterva (en los pueblos diminutos siempre se puede echar mano a un brazado de le\u00f1a en la campi\u00f1a pr\u00f3xima) se ven obligados a hacer frente a la g\u00e9lida ventisca cubierto con endebles y miserables cartones.<\/p>\n<p>A fuer que nos tilden de lerdos no lleg\u00e1bamos a entender\u00a0 que hubiese quien sucumbiera de fr\u00edo porque se les cort\u00f3 el suministro el\u00e9ctrico mientras las el\u00e9ctricas se embolsan cada a\u00f1o m\u00e1s de 4.000 millones de euros. Cierto que esta triste realidad se ha solventado en parte mediante el Real Decreto aprobado d\u00edas atr\u00e1s por el Gobierno en el que se establece el nuevo bono social de electricidad para los consumidores vulnerables que impide la supresi\u00f3n del suministro el\u00e9ctrico. Loado sea dicho plan. Pero ello no soluciona la ra\u00edz del problema que reside en que hay muchas familias que se las ven y desean para llegar a fin de mes y que han de soportar la quita del recibo de la luz, el cual se ha disparado en los \u00faltimos d\u00edas por mor de la cruda temporada invernal que nos acosa, en la que el fr\u00edo y las neviscas hacen estragos.<\/p>\n<p>Lo que ahora se reclama por diversas asociaciones vecinales mediante manifestaciones con voz en grito es que se impida por el Gobierno las tarifas abusivas del sector el\u00e9ctrico a las familias que bastante tienen con adquirir con dificultad los alimentos para la subsistencia diaria. Algo que vendr\u00eda a paliar lo que exige esta necesidad perentoria si se aplicase un IVA reducido (el actual es el del 21%) como ser\u00eda el de solo el 4%, lo que significar\u00eda un respiro para las familias cuyos recursos flaquean ante el agobio econ\u00f3mico imperante en el seno de un n\u00famero incalculable de ellas.<\/p>\n<p>Tama\u00f1a aspiraci\u00f3n ser\u00eda como pedir peras al olmo. Sujetan el r\u00e1bano por las hojas con el benepl\u00e1cito de quienes nos \u00a0mandan, los cuales prefieren recortar\u00a0 grav\u00e1menes en otras materias y dejar a su libre albedr\u00edo a las el\u00e9ctricas para que rijan un servicio m\u00ednimo para vivir como es\u00a0 la luz que nos alumbra y calienta.<\/p>\n<p>&nbsp;<\/p>\n<p>&nbsp;<\/p>\n","protected":false},"excerpt":{"rendered":"<p>El despotismo de las el\u00e9ctricas Hay familias en el pa\u00eds que tiritan \u00a0\u00a0a causa de exiguos emolumentos que no les permiten encender la estufa para atajar los zarpazos del fr\u00edo, que se ceba en los que menos tienen. Algunos hogares les prestan por lo menos cobijo, pero otros, sobre todo en las ciudades, los sin [&hellip;]<\/p>\n","protected":false},"author":27495,"featured_media":0,"comment_status":"open","ping_status":"open","sticky":false,"template":"","format":"standard","meta":[],"categories":[3,12],"tags":[40,359,407],"_links":{"self":[{"href":"https:\/\/blogs.diariosur.es\/avuelapluma\/wp-json\/wp\/v2\/posts\/2748"}],"collection":[{"href":"https:\/\/blogs.diariosur.es\/avuelapluma\/wp-json\/wp\/v2\/posts"}],"about":[{"href":"https:\/\/blogs.diariosur.es\/avuelapluma\/wp-json\/wp\/v2\/types\/post"}],"author":[{"embeddable":true,"href":"https:\/\/blogs.diariosur.es\/avuelapluma\/wp-json\/wp\/v2\/users\/27495"}],"replies":[{"embeddable":true,"href":"https:\/\/blogs.diariosur.es\/avuelapluma\/wp-json\/wp\/v2\/comments?post=2748"}],"version-history":[{"count":0,"href":"https:\/\/blogs.diariosur.es\/avuelapluma\/wp-json\/wp\/v2\/posts\/2748\/revisions"}],"wp:attachment":[{"href":"https:\/\/blogs.diariosur.es\/avuelapluma\/wp-json\/wp\/v2\/media?parent=2748"}],"wp:term":[{"taxonomy":"category","embeddable":true,"href":"https:\/\/blogs.diariosur.es\/avuelapluma\/wp-json\/wp\/v2\/categories?post=2748"},{"taxonomy":"post_tag","embeddable":true,"href":"https:\/\/blogs.diariosur.es\/avuelapluma\/wp-json\/wp\/v2\/tags?post=2748"}],"curies":[{"name":"wp","href":"https:\/\/api.w.org\/{rel}","templated":true}]}}