{"id":2751,"date":"2017-01-27T12:16:43","date_gmt":"2017-01-27T11:16:43","guid":{"rendered":"http:\/\/blogs.diariosur.es\/avuelapluma\/?p=2751"},"modified":"2017-01-27T12:16:43","modified_gmt":"2017-01-27T11:16:43","slug":"pensionistas-cariacontecidos","status":"publish","type":"post","link":"https:\/\/blogs.diariosur.es\/avuelapluma\/2017\/01\/27\/pensionistas-cariacontecidos\/","title":{"rendered":"Pensionistas cariacontecidos"},"content":{"rendered":"<p><a id=\"detail\" title=\"Ver detalles de im\u00e1genes\" href=\"http:\/\/www.bing.com\/images\/search?q=imagenes+de+pensionistas%2c+diario+sur&#038;view=detailv2&#038;&#038;id=1D35EC3D849C2CE4C5DD86C9E52DA2292B922242&#038;selectedIndex=17&#038;ccid=NYqCa96y&#038;simid=608022943583111656&#038;thid=OIP.NYqCa96yiERdiOL8gNgH4wEsCY\" rel=\"external nofollow\"><img src=\"\/\/tse1.mm.bing.net\/th?&#038;id=OIP.NYqCa96yiERdiOL8gNgH4wEsCY&#038;w=300&#038;h=152&#038;c=0&#038;pid=1.9&#038;rs=0&#038;p=0&#038;r=0\" alt=\"\" \/><\/a><\/p>\n<p>&nbsp;<\/p>\n<p>Pensionistas cariacontecidos<\/p>\n<p>En m\u00e1s de una ocasi\u00f3n, por ser un tema candente y que preocupa a millones de pensionistas- entre los me cuento, a mi pesar \u2013 hemos sacado a relucir la cuesti\u00f3n de la enflaquecida hucha de la que sale cada mes el subsidio que nos permite soportar, no sin quebrantos, las exigencias monetarias que la vida nos impone para subsistir siquiera sea medianamente bien\u00a0 en los contados a\u00f1os que nos quedan por transitar en este mundo. Hay ya quien clama al cielo por la desaz\u00f3n producida\u00a0\u00a0 porque cualquier d\u00eda venga a cerciorarse de que la m\u00f3dica cantidad que cobraba cada mes se mengu\u00f3 a\u00fan m\u00e1s o desapareci\u00f3 como por ensalmo.<\/p>\n<p>Que no cunda el pavor dicen a su vez los expertos y economistas avezados: se puede a\u00fan consolidar el sistema p\u00fablico de pensiones con nuevas y dr\u00e1sticas reformas que vengan\u00a0 a paliar la cuantiosa merma de ingresos en el sistema a ra\u00edz de la destrucci\u00f3n masiva de empleos de la recesi\u00f3n que todos afirman se est\u00e1 superando. Si no hay dinero en la hucha de pensiones seguir\u00e1n atendi\u00e9ndose como se hac\u00eda a\u00f1os ha acudi\u00e9ndose a las arcas del Estado que si flaquean siempre se podr\u00e1 pedir prestado. Eso, y apretar las tuercas a los cotizantes como ya se estudia ech\u00e1ndose mano al Pacto de Toledo y poni\u00e9ndose en planta severas pol\u00edticas fiscales\u00a0 confiscatorias, o sea, recurri\u00e9ndose al lenguaje llano, \u201ccrujir\u201d al ciudadano sin contemplaciones mediante exacciones de toda \u00edndole.<\/p>\n<p>No le falta raz\u00f3n a Aznar, \u00faltimamente mostr\u00e1ndose como el elemento que chirr\u00eda dentro del Partido Popular y no tiene pelos en la lengua para remover en las arenas movedizas del clan, que \u201cimpuestos altos, deuda disparada e incontrolado d\u00e9ficit\u201d se vienen mostrando como un serio h\u00e1ndicap para su remontada.<\/p>\n<p>Lo cierto es que, hoy por hoy, alrededor de cinco millones de pensionistas, entre los que milito, digo, cobran menos del salario m\u00ednimo interprofesional, a saber, menos de 700 euros mensuales. Pero los hay que cobran a\u00fan\u00a0 menos: un mill\u00f3n tienen que conformarse, que quiera que no, con 350 euros: poco menos que lo que se necesita para pagar el recibo de la electricidad encarecida hasta el infinito en las \u00faltimas semanas severamente invernales, <em>b\u00eate noir<\/em> de los que menos tienen.<\/p>\n<p>Est\u00e9 o no el riesgo el sistema lo cierto es que andamos los pensionistas con la mosca tras la oreja, cariacontecidos cuando no apesadumbrados.<\/p>\n","protected":false},"excerpt":{"rendered":"<p>&nbsp; Pensionistas cariacontecidos En m\u00e1s de una ocasi\u00f3n, por ser un tema candente y que preocupa a millones de pensionistas- entre los me cuento, a mi pesar \u2013 hemos sacado a relucir la cuesti\u00f3n de la enflaquecida hucha de la que sale cada mes el subsidio que nos permite soportar, no sin quebrantos, las exigencias [&hellip;]<\/p>\n","protected":false},"author":27495,"featured_media":0,"comment_status":"open","ping_status":"open","sticky":false,"template":"","format":"standard","meta":[],"categories":[3,5],"tags":[686,798],"_links":{"self":[{"href":"https:\/\/blogs.diariosur.es\/avuelapluma\/wp-json\/wp\/v2\/posts\/2751"}],"collection":[{"href":"https:\/\/blogs.diariosur.es\/avuelapluma\/wp-json\/wp\/v2\/posts"}],"about":[{"href":"https:\/\/blogs.diariosur.es\/avuelapluma\/wp-json\/wp\/v2\/types\/post"}],"author":[{"embeddable":true,"href":"https:\/\/blogs.diariosur.es\/avuelapluma\/wp-json\/wp\/v2\/users\/27495"}],"replies":[{"embeddable":true,"href":"https:\/\/blogs.diariosur.es\/avuelapluma\/wp-json\/wp\/v2\/comments?post=2751"}],"version-history":[{"count":0,"href":"https:\/\/blogs.diariosur.es\/avuelapluma\/wp-json\/wp\/v2\/posts\/2751\/revisions"}],"wp:attachment":[{"href":"https:\/\/blogs.diariosur.es\/avuelapluma\/wp-json\/wp\/v2\/media?parent=2751"}],"wp:term":[{"taxonomy":"category","embeddable":true,"href":"https:\/\/blogs.diariosur.es\/avuelapluma\/wp-json\/wp\/v2\/categories?post=2751"},{"taxonomy":"post_tag","embeddable":true,"href":"https:\/\/blogs.diariosur.es\/avuelapluma\/wp-json\/wp\/v2\/tags?post=2751"}],"curies":[{"name":"wp","href":"https:\/\/api.w.org\/{rel}","templated":true}]}}