{"id":2757,"date":"2017-02-05T11:50:30","date_gmt":"2017-02-05T10:50:30","guid":{"rendered":"http:\/\/blogs.diariosur.es\/avuelapluma\/?p=2757"},"modified":"2017-02-05T11:50:30","modified_gmt":"2017-02-05T10:50:30","slug":"2757","status":"publish","type":"post","link":"https:\/\/blogs.diariosur.es\/avuelapluma\/2017\/02\/05\/2757\/","title":{"rendered":"La encina Vallecillo de Parauta desaf\u00eda al tiempo"},"content":{"rendered":"<p><img src=\"https:\/\/lh3.googleusercontent.com\/-4TDMEDc0WH0\/VliYS8HDhtI\/AAAAAAAAQ44\/LOxdKb3xEMI\/s640-Ic42\/SAM_1911.JPG\" alt=\"\" \/><\/p>\n<p>&nbsp;<\/p>\n<p>La encina Vallecillo de Parauta desaf\u00eda al tiempo<\/p>\n<p>JOS\u00c9 BECERRA<\/p>\n<p>Resisti\u00f3 la encina los embates de los a\u00f1os y las acometidas de las inclemencias meteorol\u00f3gicas: lluvias torrenciales, sequedad y duras venticas no pudieron con su porte desafiante, inalterable hasta hoy mismo. Hablamos de la encina mal llamada de Vallecillo cuyo porte sirve como santo y se\u00f1a de Parauta, el pueblo de origen morisco que se asienta, perezoso, en un fecundo valle que amorosamente riega el r\u00edo Genal: un id\u00edlico vergel que columbra por su proximidad el Parque Natural de la Sierra de las Nieves, colosal altiplanicie que se alza desafiante al este de la Ronda milenaria.<\/p>\n<p>Cada pueblo posee uno varios signos en su morfolog\u00eda y naturaleza\u00a0 que lo hace diferente a los dem\u00e1s. Su historia, paisaje y el entorno propio les imprimen diferencias, aunque mantengan parecidos entre s\u00ed en raz\u00f3n de \u00a0circunstancias advenidas, las cuales tienen que ver con su fundaci\u00f3n o formas de vida que son intr\u00ednsecas a la comarca en la que se asientan.<\/p>\n<p>Sale\u00a0 a relucir el nombre de tal o cual pueblo y en la mente se nos dibuja ipso facto aquello que lo hace diferente y \u00fanico sin parang\u00f3n posible con el vecino m\u00e1s o menos lejano. Ocurre con la famosa Cueva del Gato de Benaoj\u00e1n, el monten Hacho de Montejaque, el Torcal de Antequera, el Tajo de Ronda o el barroco Ayuntamiento de Cortes de la Frontera\u2026 Son todas im\u00e1genes tras las que se esconde con mayor nitidez la historia pasada y reciente de cada municipio y que hacen que nos asalten a la imaginaci\u00f3n apenas o\u00edr su nombre.<\/p>\n<p>La encina Vallecillo tiene en Parauta tanto o m\u00e1s poder evocador que el conocimiento que se tiene del pueblo de ser, seg\u00fan eruditos, cuna de Omar Ben Hafsun, cabecilla de los mulad\u00edes que se rebelaron en el siglo IX contra la aristocracia cordobesa y que fundara un reino que abarcaba gran parte de la Andaluc\u00eda oriental.<\/p>\n<p>Este \u00e1rbol, que los bot\u00e1nicos catalogan recurriendo a la designaci\u00f3n latina como <em>Quercus ilex,<\/em> adquiere \u00a0unas dimensiones que la hacen \u00fanica \u2013 26 metros de altura y hojarasca que sustenta un tronco que llega a los 1,30 metros- y cuenta una edad que muy bien pudiera superar los 4 siglos, que ya ha llovido.<\/p>\n<p>\u00bfY cu\u00e1les con los remedios medicinales que la longeva fag\u00e1cea propicia tanto para trastornos internos como externos ya recurriendo a la \u00e1spera corteza de su tronco para infusiones o de sus hojas y fruto, la oronda bellota? Hay una larga enumeraci\u00f3n desde las indigestiones a las diarreas, pasando por eccemas, faringitis y picor vaginal, entre otras indisposiciones del cuerpo.<\/p>\n<p>La vieja encina de Parauta parece mirar con soberbia y displicencia a los que se acercan a su proximidad para contemplarla, murmurando por lo bajo: 400 a\u00f1os os contemplan.<\/p>\n","protected":false},"excerpt":{"rendered":"<p>&nbsp; La encina Vallecillo de Parauta desaf\u00eda al tiempo JOS\u00c9 BECERRA Resisti\u00f3 la encina los embates de los a\u00f1os y las acometidas de las inclemencias meteorol\u00f3gicas: lluvias torrenciales, sequedad y duras venticas no pudieron con su porte desafiante, inalterable hasta hoy mismo. Hablamos de la encina mal llamada de Vallecillo cuyo porte sirve como santo [&hellip;]<\/p>\n","protected":false},"author":27495,"featured_media":0,"comment_status":"open","ping_status":"open","sticky":false,"template":"","format":"standard","meta":[],"categories":[21],"tags":[416,1046],"_links":{"self":[{"href":"https:\/\/blogs.diariosur.es\/avuelapluma\/wp-json\/wp\/v2\/posts\/2757"}],"collection":[{"href":"https:\/\/blogs.diariosur.es\/avuelapluma\/wp-json\/wp\/v2\/posts"}],"about":[{"href":"https:\/\/blogs.diariosur.es\/avuelapluma\/wp-json\/wp\/v2\/types\/post"}],"author":[{"embeddable":true,"href":"https:\/\/blogs.diariosur.es\/avuelapluma\/wp-json\/wp\/v2\/users\/27495"}],"replies":[{"embeddable":true,"href":"https:\/\/blogs.diariosur.es\/avuelapluma\/wp-json\/wp\/v2\/comments?post=2757"}],"version-history":[{"count":0,"href":"https:\/\/blogs.diariosur.es\/avuelapluma\/wp-json\/wp\/v2\/posts\/2757\/revisions"}],"wp:attachment":[{"href":"https:\/\/blogs.diariosur.es\/avuelapluma\/wp-json\/wp\/v2\/media?parent=2757"}],"wp:term":[{"taxonomy":"category","embeddable":true,"href":"https:\/\/blogs.diariosur.es\/avuelapluma\/wp-json\/wp\/v2\/categories?post=2757"},{"taxonomy":"post_tag","embeddable":true,"href":"https:\/\/blogs.diariosur.es\/avuelapluma\/wp-json\/wp\/v2\/tags?post=2757"}],"curies":[{"name":"wp","href":"https:\/\/api.w.org\/{rel}","templated":true}]}}