{"id":2760,"date":"2017-02-12T10:29:03","date_gmt":"2017-02-12T09:29:03","guid":{"rendered":"http:\/\/blogs.diariosur.es\/avuelapluma\/?p=2760"},"modified":"2017-02-12T10:29:03","modified_gmt":"2017-02-12T09:29:03","slug":"viaje-a-la-serrania-de-ronda","status":"publish","type":"post","link":"https:\/\/blogs.diariosur.es\/avuelapluma\/2017\/02\/12\/viaje-a-la-serrania-de-ronda\/","title":{"rendered":"Viaje a la Serran\u00eda de Ronda"},"content":{"rendered":"<p><a title=\"Buscar im\u00e1genes de imagenes de la cueva del gato\" href=\"http:\/\/www.bing.com\/images\/search?q=imagenes+de+la+cueva+del+gato&#038;id=AD41E3AB710D34DB179326CB8E372A37889C933B&#038;FORM=IQFRBA\" rel=\"external nofollow\"><img loading=\"lazy\" id=\"emb32F7E5AA5\" src=\"\/\/tse1.mm.bing.net\/th?id=OIP.ib6u4El1DeN9TxXchJU23gEsDG&#038;w=149&#038;h=105&#038;c=8&#038;rs=1&#038;qlt=90&#038;pid=3.1&#038;rm=2\" alt=\"Resultado de im\u00e1genes de imagenes de la cueva del gato\" width=\"149\" height=\"105\" data-priority=\"2\" data-src-hq=\"http:\/\/tse1.mm.bing.net\/th?id=OIP.ib6u4El1DeN9TxXchJU23gEsDG&#038;w=149&#038;h=105&#038;c=8&#038;rs=1&#038;qlt=90&#038;pid=3.1&#038;rm=2\" data-bm=\"34\" \/><\/a><\/p>\n<p><strong>Viaje a la Serran\u00eda de Ronda<\/strong><\/p>\n<p><strong>JOS\u00c9 BECERRA <\/strong><\/p>\n<p><strong><em>Han transcurrido cuatro d\u00e9cadas desde que aquel aciago d\u00eda de 1976 una expedici\u00f3n compuesta por cinco j\u00f3venes vivieron angustiosos d\u00edas en el interior de la Cueva del Gato, a un tiro de honda de Benaoj\u00e1n. <\/em><\/strong><\/p>\n<p><strong><em>Ahora \u2013 el d\u00eda 4 de Febrero de 2017- se rememora el luctuoso trance \u2013 uno de los cinco espele\u00f3logos pag\u00f3 con su vida el hollar las ariscadas entra\u00f1as de la gruta \u2013 y en el pueblo se ha querido revivir aquellas tr\u00e1gicas jornadas con diversos actos, entre los que se cuenta la proyecci\u00f3n de una pel\u00edcula del luctuoso suceso, entre otros actos auspiciados por el Ayuntamiento.<\/em><\/strong><\/p>\n<p><strong><em>A ra\u00edz de este\u00a0tr\u00e1gico suceso\u00a0hilvan\u00e9 una novela \u2013\u201cViaje a la Serran\u00eda de Ronda\u201d -, naturalmente incorporando elementos imaginativos, los cuales, empero, \u00a0de alguna manera reflejaban parte de la realidad vivida.<\/em><\/strong><\/p>\n<p><strong><em>Estas son las primeras p\u00e1ginas de un\u00a0 infausto suceso que me movieron a relatar \u2013 cambiando situaciones y hechos \u2013 los acontecimientos que conmocionaron no solo\u00a0 a Benaoj\u00e1n, sino a buena parte del pa\u00eds.<\/em><\/strong><\/p>\n<p><strong><em>&#8212;&#8212;&#8212;&#8212;&#8212;&#8212;&#8212;&#8212;&#8212;&#8212;&#8212;&#8212;&#8212;&#8212;&#8212;&#8212;&#8212;&#8212;&#8212;&#8212;&#8212;&#8212;&#8212;&#8212;&#8212;&#8212;&#8212;&#8212;-<\/em><\/strong><\/p>\n<p><strong><em>\u00a0<\/em><\/strong><\/p>\n<p><strong>Los vecinos de Benaoj\u00e1n, los curiosos que pasaban por la carretera de Ronda a este pueblo de la Serran\u00eda de Ronda, los automovilistas que se paraban a comer en la venta \u201cJoselete\u201d, a dos pasos de la cueva del Gato, hab\u00edan mantenido una continua presencia en las inmediaciones del lago Azul. <\/strong><\/p>\n<p><strong>\u00a0\u00a0\u00a0 \u00a0\u00a0\u00a0\u00a0Desde hac\u00eda cuatro d\u00edas duraba la b\u00fasqueda del joven desaparecido en el interior de la cueva y todos los esfuerzos para dar con su paradero hab\u00edan resultado in\u00fatiles.<\/strong><\/p>\n<p><strong>\u00a0\u00a0\u00a0\u00a0\u00a0\u00a0\u00a0\u00a0 \u201cEl Gato, que se ha cobrado otra v\u00edctima\u201d, dec\u00edan unos a otros, los que ya sab\u00edan lo sucedido a los que se acercaban a preguntar sobre lo que estaba ocurriendo. \u201cNi los submarinistas de la Guardia Civil han podido encontrarlo\u201d. El pesimismo se generalizaba a medida que transcurrieron las horas. Hab\u00eda quien se acercaba a los familiares del joven desaparecido y se interesaban por lo sucedido y pronunciaban palabras de aliento.\u201d Est\u00e1n ah\u00ed desde que lo avisaron. Se lo llevan de noche para que descanse algo, pero solo por pocas horas. No se retiran\u201d. <\/strong><\/p>\n<p><strong>\u00a0\u00a0\u00a0\u00a0\u00a0 Los familiares, extenuados por la espera y el cansancio agradec\u00edan las muestras de solidaridad de la gente. Pero rechazaban cuanto les ofrec\u00edan. \u201cBeban este caldo caliente, les reanimar\u00e1 un poco. No pueden continuar as\u00ed un d\u00eda y otro.\u201d<\/strong><\/p>\n<p><strong>\u00a0\u00a0\u00a0 \u201cUn d\u00eda y otro&#8230;\u201d, se\u00a0 le o\u00eda decir a una anciana demacrada, que nadie sab\u00eda c\u00f3mo pod\u00eda resistir tanto. Con mano que le temblaba perceptiblemente se llevaba la taza de caldo a la boca, para no beber sino unos pocos sorbos.<\/strong><\/p>\n<p><strong>\u00a0\u00a0\u00a0 Fue en uno de estos momentos, en la tarde del cuarto del d\u00eda de b\u00fasqueda, cuando se paraliz\u00f3 el\u00a0 movimiento de la anciana en su gesto de llevarse la taza a la\u00a0 boca. El l\u00edquido impregn\u00f3 sus ropas al caer sobre ella, y los familiares que estaban a su lado no pudieron evitar que se pusiera en\u00e9rgicamente de pie con un grito ahogado.<\/strong><\/p>\n<p><strong>\u00a0\u00a0\u00a0 Ante se hab\u00edan o\u00eddos otros gritos, gritos precipitados, que se atropellaban unos a otros y que hizo moverse a los corrillos de gente que hasta ese momento hab\u00edan permanecido expectante, como si se hubiese dado un pistoletazo de salida para iniciarse una competici\u00f3n.\u201d \u00a1Ya vienen los guardias\u201d, dec\u00edan!, exclamaban.\u201d \u201c\u00a1Ya lo traen!\u201d, \u201c \u201c \u00a1Lo han encontrado!\u201d \u201c! Ya lo traen\u201d, dec\u00edan.<\/strong><\/p>\n<p><strong>Los submarinistas de la Guardia Civil descend\u00edan las escaleras que unen la entrada de la cueva del Gato con la explanada terrosa y el charco Azul que se abren a sus pies. Hubo un movimiento repentino de agitaci\u00f3n entre los que esperaban, pero los intentos para acercarse a los que bajaban eran in\u00fatiles. La Polic\u00eda Local, que en los \u00faltimos d\u00edas se hab\u00eda unido a los agentes de la Guardia Civil y hab\u00eda servido como apoyo y ret\u00e9n nocturno, imped\u00eda la aproximaci\u00f3n.<\/strong><\/p>\n<p><strong>\u00a0\u00a0\u00a0 S\u00f3lo los familiares\u00a0 pudieron acercarse; la anciana, sostenida por los padres del joven cuyo cuerpo acababa de ser rescatado, y un hombre bajo y mofletudo, con bigote negro y calvo, que durante todos los d\u00edas de la espera, hab\u00eda permanecido junto a ellos y que fue quien en todo momento inquir\u00eda sobre los acontecimientos de la b\u00fasqueda e informaba a la prensa sobre ellos. Tampoco los equipos de televisi\u00f3n, c\u00e1maras en ristre, congregados en las inmediaciones durante los dos \u00faltimos d\u00edas lograron abrirse paso. \u201cPor favor, -dec\u00edan \u2013 tenemos que verlo de cerca\u201d. \u201cYa lo har\u00e1n, ahora esperen ah\u00ed, como todo el mundo\u201d. Los agentes municipales abr\u00edan los brazos y se mostraban en\u00e9rgicos y tajantes.<\/strong><\/p>\n<p><strong>\u00a0\u00a0\u00a0 El equipo de salvamento, ante la expectaci\u00f3n de los que miraban sin pesta\u00f1ear dej\u00f3 en el suelo, unas camillas en la que se pod\u00eda ver el cuerpo del joven, con tez demacrada y los ojos cerrados. Eran las camillas que esperaban. Fue la raz\u00f3n que en la barah\u00fanda de voces, requerimientos y gritos, nadie se apercibiera, que alguien, desde lo alto de la boca del gato, justo donde el r\u00edo empieza a despe\u00f1arse en el lago lanzara atropellados gritos y \u00f3rdenes a los compa\u00f1eros de abajo. <\/strong><\/p>\n<p><strong>\u00a0\u00a0\u00a0 \u201c \u00a1Traed mantas, deprisa, hay m\u00e1s cuerpos que bajar!. \u00a1R\u00e1pido, no hay tiempo que perder!\u201d. <\/strong><\/p>\n<p><strong>\u00a0\u00a0\u00a0\u00a0 A los gritos de los de arriba, se superpon\u00edan los de abajo sumidos en un fren\u00e9tico ajetreo.<\/strong><\/p>\n<p><strong>\u00a0\u00a0\u00a0 \u201c\u00a1Est\u00e1\u00a0 vivo! \u00a1Respira! \u00a1La ambulancia!, \u00a1La ambulancia!\u201d, reclamaban con gritos.<\/strong><\/p>\n<p><strong>\u00a0\u00a0\u00a0 Los gritos de guardias y enfermeros que rodeaban las camillas se repitieron como un eco convulso entre los que aguardaban. \u201c\u00a1Vivo, lo han encontrado vivo!\u201d. Nadie lo esperaba porque todos tem\u00edan, se lo hab\u00edan venido diciendo entre s\u00ed, que despu\u00e9s de cuatro d\u00edas en el interior del Gato lo que este dejara ver ser\u00eda un\u00a0 cad\u00e1ver.<\/strong><\/p>\n","protected":false},"excerpt":{"rendered":"<p>Viaje a la Serran\u00eda de Ronda JOS\u00c9 BECERRA Han transcurrido cuatro d\u00e9cadas desde que aquel aciago d\u00eda de 1976 una expedici\u00f3n compuesta por cinco j\u00f3venes vivieron angustiosos d\u00edas en el interior de la Cueva del Gato, a un tiro de honda de Benaoj\u00e1n. Ahora \u2013 el d\u00eda 4 de Febrero de 2017- se rememora el [&hellip;]<\/p>\n","protected":false},"author":27495,"featured_media":0,"comment_status":"open","ping_status":"open","sticky":false,"template":"","format":"standard","meta":[],"categories":[3,21],"tags":[42,310,434],"_links":{"self":[{"href":"https:\/\/blogs.diariosur.es\/avuelapluma\/wp-json\/wp\/v2\/posts\/2760"}],"collection":[{"href":"https:\/\/blogs.diariosur.es\/avuelapluma\/wp-json\/wp\/v2\/posts"}],"about":[{"href":"https:\/\/blogs.diariosur.es\/avuelapluma\/wp-json\/wp\/v2\/types\/post"}],"author":[{"embeddable":true,"href":"https:\/\/blogs.diariosur.es\/avuelapluma\/wp-json\/wp\/v2\/users\/27495"}],"replies":[{"embeddable":true,"href":"https:\/\/blogs.diariosur.es\/avuelapluma\/wp-json\/wp\/v2\/comments?post=2760"}],"version-history":[{"count":0,"href":"https:\/\/blogs.diariosur.es\/avuelapluma\/wp-json\/wp\/v2\/posts\/2760\/revisions"}],"wp:attachment":[{"href":"https:\/\/blogs.diariosur.es\/avuelapluma\/wp-json\/wp\/v2\/media?parent=2760"}],"wp:term":[{"taxonomy":"category","embeddable":true,"href":"https:\/\/blogs.diariosur.es\/avuelapluma\/wp-json\/wp\/v2\/categories?post=2760"},{"taxonomy":"post_tag","embeddable":true,"href":"https:\/\/blogs.diariosur.es\/avuelapluma\/wp-json\/wp\/v2\/tags?post=2760"}],"curies":[{"name":"wp","href":"https:\/\/api.w.org\/{rel}","templated":true}]}}