{"id":2775,"date":"2017-02-27T10:53:38","date_gmt":"2017-02-27T09:53:38","guid":{"rendered":"http:\/\/blogs.diariosur.es\/avuelapluma\/?p=2775"},"modified":"2017-02-27T10:53:38","modified_gmt":"2017-02-27T09:53:38","slug":"discrepancias-de-partidos-sobre-subvenciones-a-ronda-y-la-serrania","status":"publish","type":"post","link":"https:\/\/blogs.diariosur.es\/avuelapluma\/2017\/02\/27\/discrepancias-de-partidos-sobre-subvenciones-a-ronda-y-la-serrania\/","title":{"rendered":"Discrepancias de partidos  sobre subvenciones a Ronda y la Serran\u00eda"},"content":{"rendered":"<p><img loading=\"lazy\" title=\"Ver imagen de origen\" src=\"\/\/www.cederserraniaderonda.com\/images\/articles\/51_5c_ceder-serrania-de-ronda.jpg\" alt=\"Resultado de imagen de imagenes de la serran\u00eda de ronda\" width=\"700\" height=\"525\" data-bm=\"14\" \/><\/p>\n<p>&nbsp;<\/p>\n<p>Discrepancias de partidos \u00a0sobre subvenciones a Ronda y la Serran\u00eda<\/p>\n<p>JOS\u00c9 BECERRA<\/p>\n<p>Que los partidos pol\u00edticos de distinto signo arriman el ascua a su sardina es un hecho irrefutable. Se dice una cosa y la contraria seg\u00fan proceda de cada uno de las formaciones que ahora est\u00e1n en liza, tambi\u00e9n sobre<span style=\"font-family: Calibri; font-size: x-small;\"> .<\/span>Ronda, como no pod\u00eda ser de otra manera. Al enemigo si agua, parecen decir unos y otros considerando que el que est\u00e1 en frente es causante de todos los males habidos y por haber que puedan aquejar\u00a0 la ciudad. Y en medio de las diatribas desaforadas el ciudadano de a pie sin saber a ciencia cierta con qu\u00e9 carta quedarse y casi siempre optando, ante la disyuntiva, de no hacer caso a las peroratas enfrentadas.<\/p>\n<p>Nos desayun\u00e1bamos d\u00edas atr\u00e1s con las declaraciones del diputado provincial del PSOE, Crist\u00f3bal Fern\u00e1ndez, fruto del examen de las inversiones efectuadas por la Diputaci\u00f3n de M\u00e1laga, con mandato del PP, como se sabe, en los pueblos de la provincia durante el pasado a\u00f1o y el dictamen no pod\u00eda ser m\u00e1s demoledor: \u201cLa provincia ha sido duramente castigada\u201d dijo, se\u00f1alando a rengl\u00f3n seguido que en las subvenciones directas Ronda fue relegada ya que no se atendieron las dos terceras partes de las solicitudes formuladas. De \u201carbitrarios y discrecionales\u201d tild\u00f3 los repartos efectuados por la entidad supramunicipal en los pueblos de menos de 20.000 habitantes, que son mayor\u00eda en la Serran\u00eda de Ronda.<\/p>\n<p>Por su parte el Partido Popular ha salido al quiebro diciendo que la Junta de Andaluc\u00eda, regentada por el partido socialista, ha vuelto a dejar a Ronda y su Serran\u00eda fuera de la creaci\u00f3n de los llamados grupos de desarrollo rural. Desde la presidencia del PP ronde\u00f1o se ha insistido en esta discriminaci\u00f3n se\u00f1al\u00e1ndose que es la \u00fanica comarca que ha quedado excluida y, por ende, relegada y sin posibilidad de acceder a la millonaria ayuda proveniente de Europa para los a\u00f1os 2014 y 2020. De \u201cmarginaci\u00f3n por parte de la Junta\u201d ha tachado Mar\u00eda de la Paz Fern\u00e1ndez, presidenta del grupo \u00a0popular ronde\u00f1o, esta exclusi\u00f3n sin duda impactante en\u00a0 el sentir ciudadano.<\/p>\n<p>Lo dicho, cada partido pol\u00edtico, esgrimiendo sus invectivas y\u00a0 razones y los ciudadanos sin saber a ciencia cierta con qu\u00e9 carta quedarnos. Viene a cuento aquello que en cierta ocasi\u00f3n dijo Bernard Shaw: \u201cSi un partido pol\u00edtico se atribuye el m\u00e9rito de la lluvia, no debe extra\u00f1arse que sus adversarios le hagan culpable de la sequ\u00eda\u201d.<\/p>\n<p>&nbsp;<\/p>\n<p>&nbsp;<\/p>\n","protected":false},"excerpt":{"rendered":"<p>&nbsp; Discrepancias de partidos \u00a0sobre subvenciones a Ronda y la Serran\u00eda JOS\u00c9 BECERRA Que los partidos pol\u00edticos de distinto signo arriman el ascua a su sardina es un hecho irrefutable. Se dice una cosa y la contraria seg\u00fan proceda de cada uno de las formaciones que ahora est\u00e1n en liza, tambi\u00e9n sobre .Ronda, como no [&hellip;]<\/p>\n","protected":false},"author":27495,"featured_media":0,"comment_status":"open","ping_status":"open","sticky":false,"template":"","format":"standard","meta":[],"categories":[22],"tags":[],"_links":{"self":[{"href":"https:\/\/blogs.diariosur.es\/avuelapluma\/wp-json\/wp\/v2\/posts\/2775"}],"collection":[{"href":"https:\/\/blogs.diariosur.es\/avuelapluma\/wp-json\/wp\/v2\/posts"}],"about":[{"href":"https:\/\/blogs.diariosur.es\/avuelapluma\/wp-json\/wp\/v2\/types\/post"}],"author":[{"embeddable":true,"href":"https:\/\/blogs.diariosur.es\/avuelapluma\/wp-json\/wp\/v2\/users\/27495"}],"replies":[{"embeddable":true,"href":"https:\/\/blogs.diariosur.es\/avuelapluma\/wp-json\/wp\/v2\/comments?post=2775"}],"version-history":[{"count":0,"href":"https:\/\/blogs.diariosur.es\/avuelapluma\/wp-json\/wp\/v2\/posts\/2775\/revisions"}],"wp:attachment":[{"href":"https:\/\/blogs.diariosur.es\/avuelapluma\/wp-json\/wp\/v2\/media?parent=2775"}],"wp:term":[{"taxonomy":"category","embeddable":true,"href":"https:\/\/blogs.diariosur.es\/avuelapluma\/wp-json\/wp\/v2\/categories?post=2775"},{"taxonomy":"post_tag","embeddable":true,"href":"https:\/\/blogs.diariosur.es\/avuelapluma\/wp-json\/wp\/v2\/tags?post=2775"}],"curies":[{"name":"wp","href":"https:\/\/api.w.org\/{rel}","templated":true}]}}