{"id":2781,"date":"2017-03-10T09:27:34","date_gmt":"2017-03-10T08:27:34","guid":{"rendered":"http:\/\/blogs.diariosur.es\/avuelapluma\/?p=2781"},"modified":"2017-03-10T09:27:34","modified_gmt":"2017-03-10T08:27:34","slug":"las-bibliotecas-mi-biblioteca","status":"publish","type":"post","link":"https:\/\/blogs.diariosur.es\/avuelapluma\/2017\/03\/10\/las-bibliotecas-mi-biblioteca\/","title":{"rendered":"Las bibliotecas, mi biblioteca"},"content":{"rendered":"<p>&nbsp;<\/p>\n<p><img loading=\"lazy\" title=\"Ver imagen de origen\" src=\"\/\/1.bp.blogspot.com\/_0omItXGKvK0\/TLeX2ymO6II\/AAAAAAAAAC0\/9DDKT0p0VIA\/s1600\/biblioteca.jpg\" alt=\"Resultado de imagen de imagenes de bibliotecas\" width=\"783\" height=\"480\" data-bm=\"43\" \/><\/p>\n<p>Las bibliotecas, mi biblioteca<\/p>\n<p>Jos\u00e9 Becerra<\/p>\n<p>Puesto a pensar y echando la vista atr\u00e1s creo que mi vida ha estado siempre\u00a0 vinculada a una biblioteca. Enti\u00e9ndaseme: no es que viviese siempre en el interior de ese espacio que se dedica a la difusi\u00f3n de la lectura de libros (aunque en mi existencia, en los a\u00f1os que van de la juventud a la senectud transcurriese entre las paredes de una o varias de ellas, no.) Primero fue la que mis padres pose\u00edan en mi pueblo natal y de la que yo tuve con conocimiento apenas dar los primeros pasos en la vida y tuve clara conciencia de ello. Recuerdo que era un mueble no demasiado grande y destartalado\u00a0 pintado de color marr\u00f3n obscuro con media docena de baldas y que ocupaba un rinc\u00f3n de la casa junto a una ventana que permit\u00eda el paso de la luz proveniente de un olivar vecino que se perd\u00eda en la lejan\u00eda y ven\u00eda a morir a los pies de las escabrosidades de una sierras cuyas altas aristas se me antojaba que llegaban hasta el cielo. No creo que pueda olvidar jam\u00e1s los libros que ocupaban las despintadas repisas de madera.<\/p>\n<p>Conoc\u00ed as\u00ed apenas me adentre en el maravilloso mundo de la lectura a escritores de los m\u00e1s variados estilos y obras de las m\u00e1s variopintas tem\u00e1ticas. Julio Verne, P\u00edo Baroja, Valera, Clar\u00edn, Pardo Baz\u00e1n, Gald\u00f3s\u2026 No descubro nada si digo que la lectura es uno de los placeres que m\u00e1s puede contentar al hombre y tengo que decir que afortunadamente llegue a ellos desde muy temprana edad. Ahora, cuando ya peino canas y me asomo al irreversible mundo de la ancianidad vienen a corroborar la atracci\u00f3n que siempre sent\u00ed por la letra impresa sabiendo que existe una explicaci\u00f3n cient\u00edfica a esta inclinaci\u00f3n.<\/p>\n<p>Viene\u00a0 decir el estudio llevado a cabo por la Universidad de B\u00fafalo (EEUU) y que recogi\u00f3 d\u00edas atr\u00e1s la revista <em><strong>Psychological Science<\/strong><\/em><strong>, cuando leemos un libro nos adentramos psicol\u00f3gicamente en la comunidad que describe y nos hace experimentar la convicci\u00f3n de\u00a0 pertenencia a un grupo, con lo que eso conlleva de satisfacci\u00f3n al complementar una necesidad humana innata que redunda en la mejora de nuestro estado de \u00e1nimo. No es un secreto por tanto que la lectura produce placer, am\u00e9n de distracci\u00f3n y proporcionarnos conocimientos y ense\u00f1anzas para mejor entender el mundo que nos rodea y potenciar nuestra relaci\u00f3n con los dem\u00e1s.<\/strong><\/p>\n<p><strong>\u00a0\u00a0 He vivido en las bibliotecas una buena parte de mi vida, unas veces como lector habitual y otras como bibliotecario de la Universidad de M\u00e1laga, as\u00ed que creo poder hablar de estos templos del saber con conocimiento de causa. Uno de los avispados lectores que era asiduo de la Biblioteca de la Facultad de Ciencias de la Informaci\u00f3n me dijo un d\u00eda que \u201clos bibliotecarios sois como los gu\u00edas tur\u00edsticos de todo el conocimiento\u201d. No le faltaba raz\u00f3n: ese era el prototipo al\u00a0 que todos los que ejerc\u00edamos el oficio aspir\u00e1bamos. Otro me espet\u00f3 un d\u00eda algo as\u00ed como que \u201cen el tsunami de la informaci\u00f3n, los bibliotecarios ofrecen flotadores y ense\u00f1an a nadar\u201d. No pod\u00eda haber recibido mayor alago.<\/strong><\/p>\n<p><strong>\u00a0 He comprobado durante a\u00f1os la paz que se respira en una biblioteca p\u00fablica. En ciertos\u00a0 momentos por su espesura casi se podr\u00eda cortar el silencio, aun cuando las bancadas estuvieran ocupadas. En estos momentos de quietud sol\u00eda pasear la mirada por los lectores que frente a m\u00ed hojeaban con fruici\u00f3n sus libros. Un pensamiento me era recurrente en esos momentos: una biblioteca puede ser muchas cosas, entre ellas no est\u00e1\u00a0 la de recurrir a ellas en los d\u00edas de lluvia, pretexto este que puede ser recurrente. Pero sobre todo \u00a0es un lugar donde los libros viven, y puedes ponerte en contacto con otra gente, con otros pensamientos y con otras ideas con las que contrastar las tuyas propias.<\/strong><\/p>\n<p><strong>\u00a0\u00a0 Despu\u00e9s de mi obligada jubilaci\u00f3n vuelvo a las bibliotecas con frecuencia. Nada es comparable a la quietud que en ellas impera. Y si como dijo Cicer\u00f3n \u201csi cerca ten\u00e9is un jard\u00edn ya no os faltar\u00e1 de nada\u201d, afirmaci\u00f3n que\u00a0\u00a0 comparto sin reservas ya que la biblioteca que ahora frecuento en mis ratos de asueto lo tiene. Miel sobre hojuelas.<\/strong><\/p>\n<p><strong>\u00a0\u00a0 <\/strong><\/p>\n<p><strong>\u00a0<\/strong><\/p>\n","protected":false},"excerpt":{"rendered":"<p>&nbsp; Las bibliotecas, mi biblioteca Jos\u00e9 Becerra Puesto a pensar y echando la vista atr\u00e1s creo que mi vida ha estado siempre\u00a0 vinculada a una biblioteca. Enti\u00e9ndaseme: no es que viviese siempre en el interior de ese espacio que se dedica a la difusi\u00f3n de la lectura de libros (aunque en mi existencia, en los [&hellip;]<\/p>\n","protected":false},"author":27495,"featured_media":0,"comment_status":"open","ping_status":"open","sticky":false,"template":"","format":"standard","meta":[],"categories":[22],"tags":[150,151],"_links":{"self":[{"href":"https:\/\/blogs.diariosur.es\/avuelapluma\/wp-json\/wp\/v2\/posts\/2781"}],"collection":[{"href":"https:\/\/blogs.diariosur.es\/avuelapluma\/wp-json\/wp\/v2\/posts"}],"about":[{"href":"https:\/\/blogs.diariosur.es\/avuelapluma\/wp-json\/wp\/v2\/types\/post"}],"author":[{"embeddable":true,"href":"https:\/\/blogs.diariosur.es\/avuelapluma\/wp-json\/wp\/v2\/users\/27495"}],"replies":[{"embeddable":true,"href":"https:\/\/blogs.diariosur.es\/avuelapluma\/wp-json\/wp\/v2\/comments?post=2781"}],"version-history":[{"count":0,"href":"https:\/\/blogs.diariosur.es\/avuelapluma\/wp-json\/wp\/v2\/posts\/2781\/revisions"}],"wp:attachment":[{"href":"https:\/\/blogs.diariosur.es\/avuelapluma\/wp-json\/wp\/v2\/media?parent=2781"}],"wp:term":[{"taxonomy":"category","embeddable":true,"href":"https:\/\/blogs.diariosur.es\/avuelapluma\/wp-json\/wp\/v2\/categories?post=2781"},{"taxonomy":"post_tag","embeddable":true,"href":"https:\/\/blogs.diariosur.es\/avuelapluma\/wp-json\/wp\/v2\/tags?post=2781"}],"curies":[{"name":"wp","href":"https:\/\/api.w.org\/{rel}","templated":true}]}}