{"id":2802,"date":"2017-03-15T13:07:47","date_gmt":"2017-03-15T12:07:47","guid":{"rendered":"http:\/\/blogs.diariosur.es\/avuelapluma\/?p=2802"},"modified":"2017-03-15T13:07:47","modified_gmt":"2017-03-15T12:07:47","slug":"escolares-acosados-2","status":"publish","type":"post","link":"https:\/\/blogs.diariosur.es\/avuelapluma\/2017\/03\/15\/escolares-acosados-2\/","title":{"rendered":"Escolares acosados"},"content":{"rendered":"<pre><\/pre>\n<pre>Escolares acosados<\/pre>\n<pre>JOSE BECERRA<\/pre>\n<pre>Ni\u00f1os que sufren amenazas de sus compa\u00f1eros de colegio cuando no agresiones son el pan nuestro de cada d\u00eda, seg\u00fan la frecuencia con que los medios de comunicaci\u00f3n vienen denunciando. Lo \u00faltimo, el acoso que ven\u00eda sufriendo un alumno de un instituto de Fuengirola, al que se le ven\u00eda sistem\u00e1ticamente haci\u00e9ndole la vida imposible con asedios, acosos y humillaciones por parte de los que supuestamente habr\u00eda que considerar como compa\u00f1eros de clase. Horroriza saber que incluso se lleg\u00f3 a ponerle presuntamente al infortunado una navaja al cuello. Simult\u00e1neo a este suceso que nos horripila\u00a0 padres y abuelo, otro id\u00e9ntico en Estepona, protagonizado por chicos que hacen de su colegio un gueto propio donde zaherir a sus compa\u00f1eros con sa\u00f1a y sin miramiento alguna, quedando sus <em>haza\u00f1as<\/em> en buena medida del todo impune. Meses atr\u00e1s nos despertamos con la noticia de que otro menor se arroj\u00f3 al vac\u00edo desde una vivienda situada en los altos de un inmueble dejando patente que el <em>mobbing<\/em> (palabreja que aqu\u00ed se ha instalado procedente del Reino Unido), hab\u00eda convertido su vida en un infierno. Asedio, acoso, acorralamiento que no tienen por menos que causar terror y desprecio de los hostigadores a quienes hacen blanco de sus afrentas, como digo, no pocas veces impunemente.<\/pre>\n<pre>\u00a0\u00a0\u00a0 Nos desvivimos los progenitores para que\u00a0 nuestros descendientes de escasa edad no sufran antes de tiempo los zarpazos que la vida ha de depararles con toda probabilidad y llegan unos inconscientes desalmados que nos lo maltratan cuando apenas se han asomado al mundo.<\/pre>\n<pre>\u00a0\u00a0\u00a0\u00a0Algo habr\u00eda que hacer para evitar estas acciones. Cierto que existen protocolos en escuelas e institutos para hacer frente a estos acosadores, que casi siempre se resuelven con el cambio de clase o del colegio en cuesti\u00f3n al hostigado y, en cambio, incomprensiblemente los hostigadores se quedan; cuando deber\u00eda ser todo lo contrario, con lo que no es raro, que despu\u00e9s de breves apartamientos vuelvan de nuevo a las andadas.<\/pre>\n<pre>\u00a0\u00a0 Los profesores bastante tienen con impartir sus lecciones y asesorar y dirigir la orientaci\u00f3n educativa. Sin embargo, una nueva figura en el\u00a0 \u00e1mbito acad\u00e9mico se impone: una persona que vigile de cerca el comportamiento de los chavales, antes, durante y despu\u00e9s de las clases correspondientes para evitar que los m\u00e1s desalmados abusen de compa\u00f1eros que se ven obligados a bajar la cerviz ante sus desmanes.<\/pre>\n<pre>\u00a0\u00a0 Los padres tenemos derecho a que nuestros hijos no sufran maltrato en lugares en los que los dejamos para formarse y no para que en su lugar padezcan afrentas que les marcar\u00e1n indeleblemente. Mucho nos jugamos en el empe\u00f1o.<\/pre>\n<pre>\u00a0\u00a0 Que nadie mire para otro lado en un tema tan candente como reprobable. Est\u00e1 en juego la integridad f\u00edsica y ps\u00edquica de nuestros hijos ante los ataques de depravados que por no haber cumplido los 14 a\u00f1os obran a su libre albedr\u00edo.<\/pre>\n","protected":false},"excerpt":{"rendered":"<p>Escolares acosados JOSE BECERRA Ni\u00f1os que sufren amenazas de sus compa\u00f1eros de colegio cuando no agresiones son el pan nuestro de cada d\u00eda, seg\u00fan la frecuencia con que los medios de comunicaci\u00f3n vienen denunciando. Lo \u00faltimo, el acoso que ven\u00eda sufriendo un alumno de un instituto de Fuengirola, al que se le ven\u00eda sistem\u00e1ticamente haci\u00e9ndole [&hellip;]<\/p>\n","protected":false},"author":27495,"featured_media":0,"comment_status":"open","ping_status":"open","sticky":false,"template":"","format":"standard","meta":[],"categories":[22],"tags":[],"_links":{"self":[{"href":"https:\/\/blogs.diariosur.es\/avuelapluma\/wp-json\/wp\/v2\/posts\/2802"}],"collection":[{"href":"https:\/\/blogs.diariosur.es\/avuelapluma\/wp-json\/wp\/v2\/posts"}],"about":[{"href":"https:\/\/blogs.diariosur.es\/avuelapluma\/wp-json\/wp\/v2\/types\/post"}],"author":[{"embeddable":true,"href":"https:\/\/blogs.diariosur.es\/avuelapluma\/wp-json\/wp\/v2\/users\/27495"}],"replies":[{"embeddable":true,"href":"https:\/\/blogs.diariosur.es\/avuelapluma\/wp-json\/wp\/v2\/comments?post=2802"}],"version-history":[{"count":0,"href":"https:\/\/blogs.diariosur.es\/avuelapluma\/wp-json\/wp\/v2\/posts\/2802\/revisions"}],"wp:attachment":[{"href":"https:\/\/blogs.diariosur.es\/avuelapluma\/wp-json\/wp\/v2\/media?parent=2802"}],"wp:term":[{"taxonomy":"category","embeddable":true,"href":"https:\/\/blogs.diariosur.es\/avuelapluma\/wp-json\/wp\/v2\/categories?post=2802"},{"taxonomy":"post_tag","embeddable":true,"href":"https:\/\/blogs.diariosur.es\/avuelapluma\/wp-json\/wp\/v2\/tags?post=2802"}],"curies":[{"name":"wp","href":"https:\/\/api.w.org\/{rel}","templated":true}]}}