{"id":2871,"date":"2017-04-05T11:11:06","date_gmt":"2017-04-05T09:11:06","guid":{"rendered":"http:\/\/blogs.diariosur.es\/avuelapluma\/?p=2871"},"modified":"2017-04-05T11:11:06","modified_gmt":"2017-04-05T09:11:06","slug":"2871","status":"publish","type":"post","link":"https:\/\/blogs.diariosur.es\/avuelapluma\/2017\/04\/05\/2871\/","title":{"rendered":"Hospital de la Serran\u00eda de Ronda, una realidad espl\u00e9ndida"},"content":{"rendered":"<p><img loading=\"lazy\" title=\"Ver imagen de origen\" src=\"\/\/www.diariosur.es\/noticias\/201611\/11\/media\/105198109.jpg\" alt=\"Resultado de imagen de imagenes del hospital de ronda, diario sur\" width=\"575\" height=\"335\" data-bm=\"14\" \/><\/p>\n<p>&nbsp;<\/p>\n<p>Hospital de la Serran\u00eda de Ronda, una realidad espl\u00e9ndida<\/p>\n<p>La actividad del nuevo Hospital de Ronda ya es un hecho comprobable tras la apertura la semana pasada de las urgencias y el traslado de pacientes de uno a otro dispensario. No hay por menos que congratularse de las novedades que ofrece, entre otras la del incremento de la capacidad quir\u00fargica y asistencial urgente, y la de que los enfermos puedan contar con habitaciones individuales con lo que la intimidad queda asegurada, adem\u00e1s del confort que ello supone, am\u00e9n del aumento considerable de las consultas de especialidades.<br \/>\nYa est\u00e1 en marcha el nuevo y flamante Hospital de Ronda. Ha costado Dios y ayuda que abriera sus puertas al fin. Pero lo hizo, y los ronde\u00f1os y serranos de la comarca estamos de enhorabuena por este motivo. Respiramos tranquilos porque ya existen unas flamantes instalaciones y no menos modernos equipos m\u00e9dicos, por otra parte de obligada existencia, en un hospital que no tiene por menos que presumir de sus innovaciones entre otros de Andaluc\u00eda, capaz de solucionar el estado m\u00e1s o menos calamitoso de nuestra salud.<br \/>\nNo dudamos de que en esta instituci\u00f3n hospitalaria de nuevo cu\u00f1o ya est\u00e9n dispuestos para su utilizaci\u00f3n instrumentos y equipos para atender las necesidades de los pacientes que llegan hasta sus puertas buscando pronta soluci\u00f3n a sus males. Monitores, camas, aparatos para anestesiolog\u00eda, desfibriladores y un largo etc\u00e9tera de toca cuanto una unidad m\u00e9dica de este tipo se hace imprescindible, seguro que ya responden a una realidad que no admite dudas.<br \/>\nPero hay un pero y no es otro que el de la necesidad urgente de un paso peatonal subterr\u00e1neo que no convierta el centro en un lugar de dif\u00edcil cuando no peligroso acceso. En este sentido, ya se han levantado voces tanto de formaciones pol\u00edticas como las del com\u00fan de los ciudadanos que tengan la necesidad urgente de requerir la atenci\u00f3n y cuidados del flamante dispensario puedan hacerlo sin poner en serio riesgo su integridad f\u00edsica.<br \/>\nLa Diputaci\u00f3n de M\u00e1laga, como acaban de denunciar voces de pol\u00edticos en el seno del ente supramunicipal, han requerido a su presidente, El\u00edas Bendodo, del Partido Popular, como saben, para que, junto al Ayuntamiento ronde\u00f1o que no quiere escurrir el bulto en esta cuesti\u00f3n, se den la mano para que este requerido paso subterr\u00e1neo sea una realidad m\u00e1s temprano que tarde. Parece ser que se hacen o\u00eddos sordos al respecto, lo que no deja de ser una dejadez de funciones en una cuesti\u00f3n que no es balad\u00ed para quienes cada d\u00eda se acercan a las inmediaciones del hospital de nueva planta, ya iniciada su andadura.<br \/>\nEn el \u00ednterin, Bendodo se ha venido a Ronda y cuando se trae a colaci\u00f3n la cuesti\u00f3n de la ansiada pasarela peatonal o, en su caso, el paso subterr\u00e1neo de la discordia afirma que es esa una infraestructura que compete a la Junta de Andaluc\u00eda y que ignora porqu\u00e9 \u00e9sta no sabe o no contesta a los reiterados requerimientos de los ronde\u00f1os. Y que si la obstinaci\u00f3n prosigue \u201cse estudiar\u00e1n desde la Diputaci\u00f3n todas las posibilidades\u201d para su construcci\u00f3n. Unos por otros y la casa sin barrer que decimos los ronde\u00f1os y los pueblos de la comarca con m\u00e1s raz\u00f3n que un santo.<br \/>\nEs uno de los \u00faltimos flecos de la puesta en marcha de esta unidad hospitalaria que deber\u00eda quedar atado y bien atado. Seguro que unos y otros pondr\u00e1n de su parte para que el nuevo Hospital no presenta ninguna anomal\u00eda y la espl\u00e9ndida realidad de su conjunto no sufra menoscabo alguno.<\/p>\n","protected":false},"excerpt":{"rendered":"<p>&nbsp; Hospital de la Serran\u00eda de Ronda, una realidad espl\u00e9ndida La actividad del nuevo Hospital de Ronda ya es un hecho comprobable tras la apertura la semana pasada de las urgencias y el traslado de pacientes de uno a otro dispensario. No hay por menos que congratularse de las novedades que ofrece, entre otras la [&hellip;]<\/p>\n","protected":false},"author":27495,"featured_media":0,"comment_status":"open","ping_status":"open","sticky":false,"template":"","format":"standard","meta":[],"categories":[22],"tags":[],"_links":{"self":[{"href":"https:\/\/blogs.diariosur.es\/avuelapluma\/wp-json\/wp\/v2\/posts\/2871"}],"collection":[{"href":"https:\/\/blogs.diariosur.es\/avuelapluma\/wp-json\/wp\/v2\/posts"}],"about":[{"href":"https:\/\/blogs.diariosur.es\/avuelapluma\/wp-json\/wp\/v2\/types\/post"}],"author":[{"embeddable":true,"href":"https:\/\/blogs.diariosur.es\/avuelapluma\/wp-json\/wp\/v2\/users\/27495"}],"replies":[{"embeddable":true,"href":"https:\/\/blogs.diariosur.es\/avuelapluma\/wp-json\/wp\/v2\/comments?post=2871"}],"version-history":[{"count":0,"href":"https:\/\/blogs.diariosur.es\/avuelapluma\/wp-json\/wp\/v2\/posts\/2871\/revisions"}],"wp:attachment":[{"href":"https:\/\/blogs.diariosur.es\/avuelapluma\/wp-json\/wp\/v2\/media?parent=2871"}],"wp:term":[{"taxonomy":"category","embeddable":true,"href":"https:\/\/blogs.diariosur.es\/avuelapluma\/wp-json\/wp\/v2\/categories?post=2871"},{"taxonomy":"post_tag","embeddable":true,"href":"https:\/\/blogs.diariosur.es\/avuelapluma\/wp-json\/wp\/v2\/tags?post=2871"}],"curies":[{"name":"wp","href":"https:\/\/api.w.org\/{rel}","templated":true}]}}