{"id":2881,"date":"2017-04-16T11:21:43","date_gmt":"2017-04-16T09:21:43","guid":{"rendered":"http:\/\/blogs.diariosur.es\/avuelapluma\/?p=2881"},"modified":"2017-04-16T11:21:43","modified_gmt":"2017-04-16T09:21:43","slug":"el-ayuntamiento-de-benaojan-apuesta-por-la-calidad-de-vida","status":"publish","type":"post","link":"https:\/\/blogs.diariosur.es\/avuelapluma\/2017\/04\/16\/el-ayuntamiento-de-benaojan-apuesta-por-la-calidad-de-vida\/","title":{"rendered":"El Ayuntamiento de Benaoj\u00e1n apuesta por la calidad de vida"},"content":{"rendered":"<p><img loading=\"lazy\" title=\"Ver imagen de origen\" src=\"https:\/\/benaolla.files.wordpress.com\/2012\/02\/soraya3.jpg\" alt=\"Resultado de imagen de fotos  de la alcaldesa Soraya garc\u00eda de Benaojan, diario sur\" width=\"820\" height=\"1204\" data-bm=\"14\" \/><\/p>\n<p>El Ayuntamiento de Benaoj\u00e1n apuesta por la calidad de vida<\/p>\n<p>Benaoj\u00e1n, del que la coplilla local\u00a0 dice con raz\u00f3n que \u201cest\u00e1 entre piedras escondido\u201d es pese a ello el primer pueblo de la Serran\u00eda de Ronda cuyo Ayuntamiento- sin contar el de la Ciudad del Tajo y los de \u00a0media docena de municipios de la provincia- , en firmar un convenio para propiciar la mejora de la calidad de vida de sus habitantes impulsada por la Consejer\u00eda de Salud de la Junta, lo que no deja de ser es una novedad en cuanto al tratamiento de la sanidad local se refiere. \u00a0As\u00ed lo ha dispuesto la alcaldesa, Soraya Garc\u00eda, quien estampando su firma en el documento de colaboraci\u00f3n entre el ente auton\u00f3mico y el Consistorio local, prev\u00e9 la intervenci\u00f3n de la ciudadan\u00eda en las pol\u00edticas que tienen como fin promocionar y alentar esfuerzos e innovaciones entre sus habitantes encaminadas a potenciar su salud y mejorar la calidad de vida. Loable pretensi\u00f3n a todas luces.<\/p>\n<p>De Juvenal, el sat\u00edrico poeta latino del siglo II de nuestra Era (ya ha llovido desde entonces) aprendimos que no hay nada como una mente sana en\u00a0 un cuerpo sano \u2013 \u201c<em>mens sana in corpore sano<\/em>\u201d, seg\u00fan el sat\u00edrico latino Juvenal\u201d. Comulgan, al parecer, con esta idea nuestros pol\u00edticos locales que intentan imbuir de sanos h\u00e1bitos a los moradores de los diferentes pueblos malague\u00f1os. Para conseguirlo se fomenta la interacci\u00f3n entre el paisanaje y los centros sanitarios respectivos, junto al \u00c1rea Sanitaria de la Serran\u00eda para llevar buen puerto el prop\u00f3sito, que no es otro que afrontar los problemas inherentes a las contingencias que para la salud pueden surgir en un medio rural y que abarcan desde los estilos de vida hasta los \u00edndices de morbilidad, y por ende, de mortalidad. \u00bfInciden y de qu\u00e9 manera las costumbres, alimentaci\u00f3n y formas de vida en la salud de los habitantes? \u00bfSe vive m\u00e1s o mejor en un pueblo que una ciudad? <em>That is the questi\u00f3n<\/em>, que dijo el cl\u00e1sico. O sea, esa es la cuesti\u00f3n que decimos el com\u00fan de los mortales.<\/p>\n<p>Dilucidar esta cuesti\u00f3n que lleva emparejada la observancia y puesta en valor de h\u00e1bitos saludables m\u00e1s all\u00e1 de los centros sanitarios y metodolog\u00edas circunscriptas a la mejora de la salud p\u00fablica dirigidas por el Ayuntamiento \u00a0es una novedosa iniciativa que la alcaldesa benaojana no ha dudado\u00a0en \u00a0hacer suya y potenciarla en cuanto lo que est\u00e9 a su mano.<\/p>\n<p>Una apuesta municipal indiscutible para el bienestar com\u00fan que no se tiene por menos que aplaudir.<\/p>\n<p>&nbsp;<\/p>\n","protected":false},"excerpt":{"rendered":"<p>El Ayuntamiento de Benaoj\u00e1n apuesta por la calidad de vida Benaoj\u00e1n, del que la coplilla local\u00a0 dice con raz\u00f3n que \u201cest\u00e1 entre piedras escondido\u201d es pese a ello el primer pueblo de la Serran\u00eda de Ronda cuyo Ayuntamiento- sin contar el de la Ciudad del Tajo y los de \u00a0media docena de municipios de la [&hellip;]<\/p>\n","protected":false},"author":27495,"featured_media":0,"comment_status":"open","ping_status":"open","sticky":false,"template":"","format":"standard","meta":[],"categories":[22],"tags":[66,136,170],"_links":{"self":[{"href":"https:\/\/blogs.diariosur.es\/avuelapluma\/wp-json\/wp\/v2\/posts\/2881"}],"collection":[{"href":"https:\/\/blogs.diariosur.es\/avuelapluma\/wp-json\/wp\/v2\/posts"}],"about":[{"href":"https:\/\/blogs.diariosur.es\/avuelapluma\/wp-json\/wp\/v2\/types\/post"}],"author":[{"embeddable":true,"href":"https:\/\/blogs.diariosur.es\/avuelapluma\/wp-json\/wp\/v2\/users\/27495"}],"replies":[{"embeddable":true,"href":"https:\/\/blogs.diariosur.es\/avuelapluma\/wp-json\/wp\/v2\/comments?post=2881"}],"version-history":[{"count":0,"href":"https:\/\/blogs.diariosur.es\/avuelapluma\/wp-json\/wp\/v2\/posts\/2881\/revisions"}],"wp:attachment":[{"href":"https:\/\/blogs.diariosur.es\/avuelapluma\/wp-json\/wp\/v2\/media?parent=2881"}],"wp:term":[{"taxonomy":"category","embeddable":true,"href":"https:\/\/blogs.diariosur.es\/avuelapluma\/wp-json\/wp\/v2\/categories?post=2881"},{"taxonomy":"post_tag","embeddable":true,"href":"https:\/\/blogs.diariosur.es\/avuelapluma\/wp-json\/wp\/v2\/tags?post=2881"}],"curies":[{"name":"wp","href":"https:\/\/api.w.org\/{rel}","templated":true}]}}