{"id":2887,"date":"2017-04-25T10:08:32","date_gmt":"2017-04-25T08:08:32","guid":{"rendered":"http:\/\/blogs.diariosur.es\/avuelapluma\/?p=2887"},"modified":"2017-04-25T10:08:32","modified_gmt":"2017-04-25T08:08:32","slug":"hoy-benaojan-se-reviste-de-luces","status":"publish","type":"post","link":"https:\/\/blogs.diariosur.es\/avuelapluma\/2017\/04\/25\/hoy-benaojan-se-reviste-de-luces\/","title":{"rendered":"Hoy Benaoj\u00e1n se reviste de luces"},"content":{"rendered":"<p><img loading=\"lazy\" title=\"Ver imagen de origen\" src=\"\/\/pueblos-espana.org\/fotos_originales\/8\/0\/0\/00854800.jpg\" alt=\"Resultado de imagen de imagenes de san marcos en benaojan\" width=\"730\" height=\"410\" \/><\/p>\n<p>&nbsp;<\/p>\n<p>Hoy Benaoj\u00e1n se reviste de luces<\/p>\n<p>&nbsp;<\/p>\n<p>Jos\u00e9 Becerra<\/p>\n<p>El d\u00eda 25 de cada mes de abril\u00a0 Benaoj\u00e1n acoge una de la jornada de \u00edndole religiosa y social m\u00e1s significativa del a\u00f1o. Se festeja al Santo Patr\u00f3n San Marcos y el pueblo se viste de luces como muy pocas veces lo hace en el transcurso del a\u00f1o. Se podr\u00eda decir que es la fiesta por antonomasia del pueblo. Un festejo esperado y que nadie quiere perderse, ni siquiera por los que por la m\u00e1s diversas circunstancias se encuentran alejados de sus inmediaciones. &#8220;Volver\u00e9 para San Marcos&#8221; es una expresi\u00f3n coloquial que cobra sentido y que se repite en misivas y comunicados en los d\u00edas que preceden\u00a0 a la festividad por aquellos que se encuentran alejados del municipio\u00a0para \u00a0esta ocasi\u00f3n engalanado y revestido de luces.<\/p>\n<p>Cada pueblo tiene se\u00f1alado con n\u00fameros y letras de oro una fecha relacionado con un acontecimiento o celebraci\u00f3n que lo hace distinguirse entre los dem\u00e1s. En esa fecha, incluso las dem\u00e1s poblaciones dirigen hac\u00eda \u00e9l su mirada. Entre otras cosas porque hasta ellas llega el estruendo de la coheter\u00eda\u00a0 que se\u00f1ala muy a las claras que algo grande est\u00e1 ocurriendo all\u00ed.<\/p>\n<p>Los pueblos de la Serran\u00eda de Ronda coinciden en que su entusiasmo en dar brillo y esplendor al d\u00eda en el que se homenajea a su Patr\u00f3n tenga la mayor relevancia posible. Banderines y farolillos multicolores en las calles. Luminotecnia. Cohetes. Procesi\u00f3n. Bailes en la plaza, casi siempre la del Ayuntamiento. Corbata y camisa nueva. Mantilla, peineta y abalorios. Puestos de turr\u00f3n y atracciones. Fuegos de artificios y olorcillo a churros reci\u00e9n fritos.<\/p>\n<p>En Benaoj\u00e1n, a\u00a0 primera hora, los alegres pasacalles por las principales v\u00edas de la poblaci\u00f3n a cargo de la banda municipal de trompetas y tambores, servir\u00e1n\u00a0 como p\u00f3rtico de las fiestas,\u00a0 que en honor de San Marcos Evangelista se celenbran alrededor del 25 de abril. Vibrantes notas de aire y timbal sirven de fondo a tres ajetreados d\u00edas en los que la poblaci\u00f3n, aparcando trabajos y ocupaciones rutinarias, se entrega a la celebraci\u00f3n de festejos. Con ellos se viene identificando despu\u00e9s de m\u00e1s de 200 a\u00f1os.<\/p>\n<p>Es en efecto, en 1800, fecha de la primera reconstrucci\u00f3n del templo del Rosario, cuando la vecindad decide que sea San Marcos el Patr\u00f3n y desde entonces, salvos calamitosos a\u00f1os de epidemias, hambrunas o guerra civil, \u00e9ste ha paseado por sus calles entre los v\u00edtores y la veneraci\u00f3n de los fieles. Que son todos, ya que dejando a un lado ideolog\u00edas pol\u00edticas, militancias, situaci\u00f3n social y econ\u00f3mica, y se sea o no creyente, nadie va a pasar por alto la misa y, sobre todo, la procesi\u00f3n del medio d\u00eda del 25 de abril, fecha que los benaojanos llevan fielmente impresa en el \u00e1nimo desde su nacimiento. Circunstancia \u00e9sta que refleja la aseveraci\u00f3n de la que como timbre de gloria\u00a0 se alardea: \u201dBautizados en la pila de San Marcos\u201d.<\/p>\n<p>Se trata de una fiesta que nace del fervor popular, sin que en su organizaci\u00f3n y desarrollo para nada o muy escasamente medie el Ayuntamiento. Se encargan de ponerla en pie\u00a0 cada a\u00f1o seis mayordomos, \u2013 nombrando para tal fin los que salen a los entrantes -, quienes lo lograr\u00e1n cada vez poniendo a prueba\u00a0 esfuerzo y\u00a0 voluntad de superaci\u00f3n.<\/p>\n<p>Una tradici\u00f3n que se mantiene inc\u00f3lume y que se transmite de padres\u00a0 a hijos. Como un timbre de gloria, los designados para este menester lo ostentan durante todo el a\u00f1o. Tiempo en el que se dedicar\u00e1n en cuerpo y alma, robando horas al ocio y al trabajo habitual, en lograr ya con\u00a0 los medios econ\u00f3micos necesarios, ya poniendo en juego la imaginaci\u00f3n, que la fiesta, su fiesta, sea la mejor de todas.<\/p>\n<p>Los favores recibidos del santo durante el a\u00f1o\u00a0 se traducen en ofrendas de claveles y explosiones de cohetes. Centenares de claveles rojos adornan el trono en el que se instala la imagen para su procesi\u00f3n durante m\u00e1s de tres horas, mientras que los cohetes que arder\u00e1n en el aire ascienden a muchas decenas de millares. Bellas plantas y el estruendo de la p\u00f3lvora parecen ser los signos m\u00e1s vivos de unos festejos en cuya participaci\u00f3n y disfrute se convoca a varias miles de personas tanto del propio municipio como de los colindantes.<\/p>\n<p>Bailes en la plaza del Ayuntamientos, degustaciones gratuitas de la rica gastronom\u00eda local \u2013 el chorizo y el lomo frito\u00a0 de fama casi universal \u2013 concursos y competiciones deportivas, am\u00e9n de actuaciones art\u00edsticas\u00a0 completan un apretado programa de diversiones que convierten al pueblo, durante el fin de semana, en centro de atenci\u00f3n de la\u00a0 comarca. Si\u00a0 las condiciones meteorol\u00f3gicas no lo impiden.<\/p>\n<p>Porque San Marcos, desde que oye de los lugare\u00f1os, s\u00faplica que data de muchas d\u00e9cadas atr\u00e1s, en tiempos, como ahora, de contumaz sequ\u00eda. No\u00a0 suele el\u00a0Evangelista\u00a0deso\u00edr las preces de la feligres\u00eda ( \u201c San Marcos Bendito, Patr\u00f3n soberano, si no nos echas agua, al pozo te echamos\u201d. Es lo quje recitan los benaojanos en la procesi\u00f3n que conduce\u00a0su imagen hasta\u00a0al pozo ubicado en los aleda\u00f1os del pueblo) y casi siempre llueve en la festividad.<\/p>\n<p>Si esto no ocurre, despu\u00e9s de la procesi\u00f3n,\u00a0 se puede aprovechar para visitar la Cueva del Gato, el monumento natural m\u00e1s emblem\u00e1tico del pueblo; luego se impone comer en las ventas lim\u00edtrofes el conejo al ajillo, plato para el que los de por aqu\u00ed se dan buenas ma\u00f1as, constituyendo junto al chorizo, el lomo frito en manteca y las tortas de chicharrones el muestrario de los manjares m\u00e1s exquisitos. Habremos hecho as\u00ed acopio de energ\u00eda para resistir los bailes que en la plaza de la Iglesia del Rosario\u00a0terminar\u00e1n con las claras del d\u00eda.<\/p>\n","protected":false},"excerpt":{"rendered":"<p>&nbsp; Hoy Benaoj\u00e1n se reviste de luces &nbsp; Jos\u00e9 Becerra El d\u00eda 25 de cada mes de abril\u00a0 Benaoj\u00e1n acoge una de la jornada de \u00edndole religiosa y social m\u00e1s significativa del a\u00f1o. Se festeja al Santo Patr\u00f3n San Marcos y el pueblo se viste de luces como muy pocas veces lo hace en el [&hellip;]<\/p>\n","protected":false},"author":27495,"featured_media":0,"comment_status":"open","ping_status":"open","sticky":false,"template":"","format":"standard","meta":[],"categories":[8],"tags":[158,461,934],"_links":{"self":[{"href":"https:\/\/blogs.diariosur.es\/avuelapluma\/wp-json\/wp\/v2\/posts\/2887"}],"collection":[{"href":"https:\/\/blogs.diariosur.es\/avuelapluma\/wp-json\/wp\/v2\/posts"}],"about":[{"href":"https:\/\/blogs.diariosur.es\/avuelapluma\/wp-json\/wp\/v2\/types\/post"}],"author":[{"embeddable":true,"href":"https:\/\/blogs.diariosur.es\/avuelapluma\/wp-json\/wp\/v2\/users\/27495"}],"replies":[{"embeddable":true,"href":"https:\/\/blogs.diariosur.es\/avuelapluma\/wp-json\/wp\/v2\/comments?post=2887"}],"version-history":[{"count":0,"href":"https:\/\/blogs.diariosur.es\/avuelapluma\/wp-json\/wp\/v2\/posts\/2887\/revisions"}],"wp:attachment":[{"href":"https:\/\/blogs.diariosur.es\/avuelapluma\/wp-json\/wp\/v2\/media?parent=2887"}],"wp:term":[{"taxonomy":"category","embeddable":true,"href":"https:\/\/blogs.diariosur.es\/avuelapluma\/wp-json\/wp\/v2\/categories?post=2887"},{"taxonomy":"post_tag","embeddable":true,"href":"https:\/\/blogs.diariosur.es\/avuelapluma\/wp-json\/wp\/v2\/tags?post=2887"}],"curies":[{"name":"wp","href":"https:\/\/api.w.org\/{rel}","templated":true}]}}