{"id":2890,"date":"2017-04-28T08:55:58","date_gmt":"2017-04-28T06:55:58","guid":{"rendered":"http:\/\/blogs.diariosur.es\/avuelapluma\/?p=2890"},"modified":"2017-04-28T08:55:58","modified_gmt":"2017-04-28T06:55:58","slug":"la-gaviota-popular-tocada-del-ala","status":"publish","type":"post","link":"https:\/\/blogs.diariosur.es\/avuelapluma\/2017\/04\/28\/la-gaviota-popular-tocada-del-ala\/","title":{"rendered":"La gaviota popular tocada del ala"},"content":{"rendered":"<p>&nbsp;<\/p>\n<p><img loading=\"lazy\" title=\"Ver imagen de origen\" src=\"\/\/lamemoriaviva.files.wordpress.com\/2010\/05\/logo-pp.jpg\" alt=\"Resultado de imagen de imagenes de la gaviota del <pp\" width=\"390\" height=\"278\" data-bm=\"16\" \/>\n<p>&nbsp;<\/p>\n<p>La gaviota popular tocada del ala<\/p>\n<p>JOS\u00c9 BECERRA<\/p>\n<p>Se remueven los cimientos del Partido Popular por mor de un nuevo caso de corrupci\u00f3n (\u00bfy van cu\u00e1ntos ya?) lo suficientemente virulento como para hacer temblar su estructura. Semana negra para un partido que ofrec\u00eda todos los visos de haber encarrilado su trayectoria y que pese a todo segu\u00eda cosechando el benepl\u00e1cito de la ciudadan\u00eda por un repunte econ\u00f3mico por m\u00e1s que sus detractores se empe\u00f1asen en afirmar con ah\u00ednco lo contrario. Pero los acontecimientos que han venido a poner de relieve la trama presuntamente corrupta que ha sido bautizada como caso Canal han venido a remover infaustos aconteceres, situaciones y sucedidos que mucho es de temer\u00a0 pongan a los populares contra las cuerdas.<\/p>\n<p>Mal momento para tan nefastos acontecimientos, cuando el acuerdo presupuestario casi se cantaba ya a voces y se sacaba pecho sobre la mejora econ\u00f3mica del pa\u00eds. Revuelo en la sede popular de G\u00e9nova, donde se barrunta que no dan cr\u00e9dito a tanta desventura desencadenada, que es lo que puede ocurrir tras la detenci\u00f3n de Ignacio Gonz\u00e1lez, hecho que por necesidad ha arrastrado a su mentora Esperanza Aguirre a una dimisi\u00f3n de su cargo en el Ayuntamiento matritense que ya se daba por cantada.<\/p>\n<p>El enriquecimiento il\u00edcito de algunos gerifaltes \u00a0y la \u00a0ilegal financiaci\u00f3n \u00a0del partido mucho es de temer que provoque si no una estampida de votantes s\u00ed una merma significativa de quienes hab\u00edan venido otorg\u00e1ndoles su confianza comicios tras comicios. Se anuncian caceroladas en las puertas de la sede del partido y en la calle crece el descontento, un clamor que no tiene por menos que preocupar a quienes depositaron su confianza en un grupo pol\u00edtico, el cual les atra\u00eda como un mal menor de cuanto pod\u00edan ofrecer otros que se desga\u00f1itaban a su alrededor con promesas vacuas e imposibles. El traspi\u00e9s del PP ahora no hay duda de que acrecentar\u00e1 las diatribas de los partidos oponentes, los cuales les declarar\u00e1n la guerra, ahora sin paliativos posibles.<\/p>\n<p>Rajoy tendr\u00e1 que afinar mucho su proceder y abandonar su actitud de verlas venir sin atajar los males con celeridad.\u00a0 El \u201ctancredismo\u201d a ultranza o esperar sentado a que el tiempo solucione los problemas no parece que vayan a valerle en un futuro inmediato. Cunde el des\u00e1nimo tanto en los militantes como en los que de manera tradicional depositaron la papeleta en su favor. Lo dicho, la gaviota herida y \u00a0tendr\u00e1 que sortear con tino los ataques si no quiere sucumbir sin poder remontar de nuevo su vuelo.<\/p>\n","protected":false},"excerpt":{"rendered":"<p>&nbsp; &nbsp; La gaviota popular tocada del ala JOS\u00c9 BECERRA Se remueven los cimientos del Partido Popular por mor de un nuevo caso de corrupci\u00f3n (\u00bfy van cu\u00e1ntos ya?) lo suficientemente virulento como para hacer temblar su estructura. Semana negra para un partido que ofrec\u00eda todos los visos de haber encarrilado su trayectoria y que [&hellip;]<\/p>\n","protected":false},"author":27495,"featured_media":0,"comment_status":"open","ping_status":"open","sticky":false,"template":"","format":"standard","meta":[],"categories":[3],"tags":[201,839],"_links":{"self":[{"href":"https:\/\/blogs.diariosur.es\/avuelapluma\/wp-json\/wp\/v2\/posts\/2890"}],"collection":[{"href":"https:\/\/blogs.diariosur.es\/avuelapluma\/wp-json\/wp\/v2\/posts"}],"about":[{"href":"https:\/\/blogs.diariosur.es\/avuelapluma\/wp-json\/wp\/v2\/types\/post"}],"author":[{"embeddable":true,"href":"https:\/\/blogs.diariosur.es\/avuelapluma\/wp-json\/wp\/v2\/users\/27495"}],"replies":[{"embeddable":true,"href":"https:\/\/blogs.diariosur.es\/avuelapluma\/wp-json\/wp\/v2\/comments?post=2890"}],"version-history":[{"count":0,"href":"https:\/\/blogs.diariosur.es\/avuelapluma\/wp-json\/wp\/v2\/posts\/2890\/revisions"}],"wp:attachment":[{"href":"https:\/\/blogs.diariosur.es\/avuelapluma\/wp-json\/wp\/v2\/media?parent=2890"}],"wp:term":[{"taxonomy":"category","embeddable":true,"href":"https:\/\/blogs.diariosur.es\/avuelapluma\/wp-json\/wp\/v2\/categories?post=2890"},{"taxonomy":"post_tag","embeddable":true,"href":"https:\/\/blogs.diariosur.es\/avuelapluma\/wp-json\/wp\/v2\/tags?post=2890"}],"curies":[{"name":"wp","href":"https:\/\/api.w.org\/{rel}","templated":true}]}}