{"id":2892,"date":"2017-05-03T12:16:33","date_gmt":"2017-05-03T10:16:33","guid":{"rendered":"http:\/\/blogs.diariosur.es\/avuelapluma\/?p=2892"},"modified":"2017-05-03T12:16:33","modified_gmt":"2017-05-03T10:16:33","slug":"ayuntamientos-que-apuestan-por-la-sostenibilidad","status":"publish","type":"post","link":"https:\/\/blogs.diariosur.es\/avuelapluma\/2017\/05\/03\/ayuntamientos-que-apuestan-por-la-sostenibilidad\/","title":{"rendered":"Ayuntamientos que apuestan por la sostenibilidad"},"content":{"rendered":"<p><img loading=\"lazy\" title=\"Ver imagen de origen\" src=\"\/\/static.malaga.es\/malaga\/subidas\/imagenes\/8\/3\/arc_158538_m.jpg\" alt=\"Resultado de imagen de imagenes del ayuntamiento de benaoj\u00e1n\" width=\"480\" height=\"321\" data-bm=\"12\" \/><\/p>\n<p>&nbsp;<\/p>\n<p>Ayuntamientos que apuestan por la sostenibilidad<\/p>\n<p>JOS\u00c9 BECERRA<\/p>\n<p>Desarrollo sostenible son t\u00e9rminos de reciente cu\u00f1o que persiguen a largo plazo una transformaci\u00f3n paulatina pero imparable de los n\u00facleos de producci\u00f3n atentos a la lucha erradicar la pobreza en su \u00e1mbito a trav\u00e9s de la remodelaci\u00f3n de los\u00a0 modos\u00a0 de producci\u00f3n que llevan emparejados hacer frente al cambio clim\u00e1tico, por otra parte evidente, junto a la cooperaci\u00f3n y el respeto a los derechos humanos. Suenan bien los conceptos como un objetivo a alcanzar, pero que por desgracia hacen de ellos caso omiso las potencias universales enzarzadas en \u00a0guerras cruentas cuando no en nacionalismos exasperantes\u00a0 que eliminan cualquier conato de ensayar tentativas encaminadas al entendimiento y la ayuda rec\u00edproca entre los pueblos.<\/p>\n<p>Existe una Agenda de Desarrollo Sostenible que vio la luz va ya para dos a\u00f1os impulsada por la ONU, pero que se ha convertido en papel mojado porque de ella\u00a0 se hecho caso omiso. Sus postulados no parecen interesar ni poco ni mucho a unos pol\u00edticos y una sociedad que no mira sino a su propio ombligo, pese a que est\u00e9n en juego, ahora m\u00e1s que\u00a0 nunca, la mera estabilidad \u00a0que habr\u00eda de venir del apoyo mutuo y la observaci\u00f3n de los derechos, que en su ausencia obran en detrimento de los pueblos y del entendimiento entre s\u00ed.<\/p>\n<p>Por suerte, esta agenda de desarrollo sostenible lo est\u00e1n haciendo propias organismos que figuran a nivel inferior de los netamente gubernamentales del pa\u00eds. Se perfilan en este concepto ciudades y municipios de mayor o menor relevancia, cuyos ayuntamientos se encuentran inmersos en la tarea de potenciar la participaci\u00f3n ciudadana a requerimientos de la Federaci\u00f3n Espa\u00f1ola de Municipios y Provincias. A este tenor cabe hacer hincapi\u00e9 en que las ciudades y pueblos que contemplan nuestros medios de producci\u00f3n y participaci\u00f3n pol\u00edtica sigan derroteros diferentes hasta los hoy existentes.<\/p>\n<p>En este empe\u00f1o es justo reconocer que tambi\u00e9n los pueblos de la provincia de M\u00e1laga, y como no pod\u00eda ser de otra manera, los que conforman el conjunto de estas entidades \u00a0que aglutina la Serran\u00eda de Ronda, responden a las exigencias de los respectivos gobiernos locales en respuesta a los objetivos fijados de participaci\u00f3n local, los cuales redundar\u00e1n en beneficio de todos. Diputados provinciales y alcaldes y alcaldesas est\u00e1n se\u00f1alando el camino a seguir en el futuro m\u00e1s inmediato.<\/p>\n<p>&nbsp;<\/p>\n<p>&nbsp;<\/p>\n<p>&nbsp;<\/p>\n<p><span style=\"font-size: small;\">\u00a0<\/span><\/p>\n","protected":false},"excerpt":{"rendered":"<p>&nbsp; Ayuntamientos que apuestan por la sostenibilidad JOS\u00c9 BECERRA Desarrollo sostenible son t\u00e9rminos de reciente cu\u00f1o que persiguen a largo plazo una transformaci\u00f3n paulatina pero imparable de los n\u00facleos de producci\u00f3n atentos a la lucha erradicar la pobreza en su \u00e1mbito a trav\u00e9s de la remodelaci\u00f3n de los\u00a0 modos\u00a0 de producci\u00f3n que llevan emparejados hacer [&hellip;]<\/p>\n","protected":false},"author":27495,"featured_media":0,"comment_status":"open","ping_status":"open","sticky":false,"template":"","format":"standard","meta":[],"categories":[3],"tags":[120,645,958,990],"_links":{"self":[{"href":"https:\/\/blogs.diariosur.es\/avuelapluma\/wp-json\/wp\/v2\/posts\/2892"}],"collection":[{"href":"https:\/\/blogs.diariosur.es\/avuelapluma\/wp-json\/wp\/v2\/posts"}],"about":[{"href":"https:\/\/blogs.diariosur.es\/avuelapluma\/wp-json\/wp\/v2\/types\/post"}],"author":[{"embeddable":true,"href":"https:\/\/blogs.diariosur.es\/avuelapluma\/wp-json\/wp\/v2\/users\/27495"}],"replies":[{"embeddable":true,"href":"https:\/\/blogs.diariosur.es\/avuelapluma\/wp-json\/wp\/v2\/comments?post=2892"}],"version-history":[{"count":0,"href":"https:\/\/blogs.diariosur.es\/avuelapluma\/wp-json\/wp\/v2\/posts\/2892\/revisions"}],"wp:attachment":[{"href":"https:\/\/blogs.diariosur.es\/avuelapluma\/wp-json\/wp\/v2\/media?parent=2892"}],"wp:term":[{"taxonomy":"category","embeddable":true,"href":"https:\/\/blogs.diariosur.es\/avuelapluma\/wp-json\/wp\/v2\/categories?post=2892"},{"taxonomy":"post_tag","embeddable":true,"href":"https:\/\/blogs.diariosur.es\/avuelapluma\/wp-json\/wp\/v2\/tags?post=2892"}],"curies":[{"name":"wp","href":"https:\/\/api.w.org\/{rel}","templated":true}]}}