{"id":2904,"date":"2017-05-17T08:53:26","date_gmt":"2017-05-17T06:53:26","guid":{"rendered":"http:\/\/blogs.diariosur.es\/avuelapluma\/?p=2904"},"modified":"2017-05-17T08:53:26","modified_gmt":"2017-05-17T06:53:26","slug":"chapo-don-manuel","status":"publish","type":"post","link":"https:\/\/blogs.diariosur.es\/avuelapluma\/2017\/05\/17\/chapo-don-manuel\/","title":{"rendered":"\u00a1Chap\u00f3,  Don Manuel!"},"content":{"rendered":"<p><img loading=\"lazy\" title=\"Ver imagen de origen\" src=\"\/\/static2.absolutmalaga.com\/wp-content\/uploads\/2011\/01\/manuel_alcantara1_301xXx80_859802287.jpg\" alt=\"Resultado de imagen de imagenes de manuel alcantara, diariosur\" width=\"500\" height=\"373\" \/><\/p>\n<p>&nbsp;<\/p>\n<p>\u00a1Chap\u00f3,\u00a0 Don Manuel!<\/p>\n<p>&nbsp;<\/p>\n<p>En la tierra de los galos se dir\u00eda \u201cchapeau\u201d, como saben,\u00a0 pero por estos lares acostumbramos a desembarazarnos de letras que nos parece superfluas y nos sale el \u00a1chap\u00f3! sin que se cambie un \u00e1pice el significado del vocablo con el que acompa\u00f1amos el gesto\u00a0 de quitamos el sombrero en se\u00f1al de respeto y admiraci\u00f3n por una personalidad que, en este caso, brilla con luz propia en el firmamento de las letras espa\u00f1olas. Ahora el poeta y articulista Manuel Alc\u00e1ntara, ese cuyo rostro (y lo que sigue) buscamos cada d\u00eda en la \u00faltima p\u00e1gina de SUR antes de adentrarnos en la barah\u00fanda de noticias consiguientes, acaba de recibir una distinci\u00f3n m\u00e1s, ahora \u00a0de la mano de una instituci\u00f3n extranjera &#8211; \u00abFirst Amendment Awards\u00bb- que desde Nueva York esta vez, trata de hacer brillar en el universo mundo el periodismo \u201clibre y riguroso\u201d, bajo la premisa de la libertad de expresi\u00f3n y el buen hacer de quienes dedican buena parte de \u00a0su vida a verter en diarios de manera genuinamente ingeniosa las impresiones que los acontecimientos de toda \u00edndole que el d\u00eda a d\u00eda de la actualidad\u00a0 ofrecen a su atenci\u00f3n.<\/p>\n<p>Queden para los analistas las referencias a su vida en Madrid y su paso por las redacciones de los diarios Arriba, Pueblo o Ya y la simult\u00e1nea actividad period\u00edstica con maestros columnitas de la talla, por ejemplo, de Cesar Ruano, Camba y otros de parecida alcurnia, o su maestr\u00eda como poeta siguiendo de cerca los pasos de alguien que muchos consideran como su mentor, a saber Antonio Machado, pese\u00a0 que a sus versos siguieron distintos derroteros.<\/p>\n<p><strong>Confluyen en Alc\u00e1ntara las dotes del escritor nato en el que\u00a0 la poes\u00eda y el art\u00edculo van cogidos de la mano. Para la composici\u00f3n encuentra siempre la palabra exacta y la expresi\u00f3n certera e incisiva revestidas de fina iron\u00eda, id\u00f3neas para transmitir su pensamiento mostr\u00e1ndonos un compendio\u00a0 de sutilezas que el lector no tiene por menos que celebrar. La belleza de las palabras y el perfecto dominio de la morfosintaxis les son propios, como as\u00ed mismo hace gala de perfecta armon\u00eda en la composici\u00f3n po\u00e9tica y en la creaci\u00f3n y el justo empleo de im\u00e1genes literarias y la transmisi\u00f3n de su pensamiento y posici\u00f3n ante el acontecer cotidiano de la vida, a veces de la suya propia, como estos decidores versos suyos: \u201cManuel, junto a la mar, desentendido;<\/strong> <strong>hubo una vez un ni\u00f1o en la bah\u00eda\u2026\u201d<\/strong><\/p>\n<p>Retoma cada d\u00eda la palabra el maestro del buen decir, de las ocurrencias felices, de los conceptos precisos y de la iron\u00eda y la cr\u00edtica que abjuraron de la acritud y el encono. \u201dBastante amargura hay en el mundo para que se incida sobre ella en los escritos\u201d, me dijo un d\u00eda, la primera vez que mantuve una conversaci\u00f3n con \u00e9l, en un paseo inesperado que me depar\u00f3 y dispens\u00f3 en un encuentro fortuito, camino de su casa. (Luego, en otra ocasi\u00f3n, me abri\u00f3 las puertas de su hogar \u2013 un santuario para m\u00ed dado mi admiraci\u00f3n por el maestro, que no vacilo en confesar -, hab\u00eda ido yo a llevarle tres o cuatro cintas para su Olivetti, resto de una antigua papeler\u00eda de mi propiedad, sabedor de su necesidad imperiosa de ellas).<\/p>\n<p>Ese es su estilo: lo m\u00e1s grave, lo que puede causar dolor, iracundia o incitar a un agrio ataque se diluye en su lenguaje, y el tono escogido en pirueta que la desposee de acritud. Sin merma en su entendimiento y en la consecuci\u00f3n de su \u00faltimo objetivo hace que con sus palabras cambiemos el desabrimiento por una sonrisa. Milagro del buen hacer de un articulista \u201camanuense de s\u00ed mismo\u201d, como alguien dijo de \u00e9l con justicia.<\/p>\n<p>M\u00e1s de cincuenta a\u00f1os dando la esencia de su ser a golpe de Olivetti, tras la leve neblina de su sempiterno cigarrillo, y las m\u00e1s de las veces tras las cristaleras de su despacho que da al mar (\u201cBajamar de la desgana: las olas cerca de m\u00ed, yo lejos del agua clara\u201d), y la presencia imp\u00e1vida de sus b\u00fahos, mudos, ojiabiertos, enigm\u00e1ticos.<\/p>\n<p>En mis paseos por las cercan\u00edas de los t\u00faneles de Rinc\u00f3n de la Victoria, cerca de los cuales tiene su morada el articulista y poeta, cuando veo iluminado su despacho me lo imagino as\u00ed en su quehacer diario (\u201ca las siete sale cada tarde mi art\u00edculo a su destino \u201c, me confes\u00f3 el d\u00eda de mi feliz tropiezo con \u00e9l); y, en ocasiones, me paro para contemplar la difusa luz de su lugar de trabajo. \u201c\u00bfHabr\u00e1 puesto ya el maestro el punto final en su art\u00edculo de cada d\u00eda? \u00bfDe qu\u00e9 tratar\u00e1? \u00bfCon qu\u00e9 ocurrencia nos sorprender\u00e1 ma\u00f1ana? \u00bfCon qu\u00e9 chispa o agudeza nos har\u00e1 pensar?\u201d, me pregunto.<\/p>\n<p>Mi felicitaci\u00f3n, don Manuel, y mi deseo que ver durante muchos a\u00f1os m\u00e1s la luz de su despacho iluminada. Hoy, esta tarde, mientras paseo, me vienen a la memoria otros versos suyos. Los voy musitando mientras me alejo: \u201cNO pensar nunca en la muerte \/ y dejar irse las tardes \/ mirando como atardece. \/ Ver toda la mar enfrente \/ y no estar triste por nada \/ mientras el sol se arrepiente. \/ Y morirme de repente \/ el d\u00eda menos pensado. \/ \u00c9se en el que pienso siempre\u201d.<\/p>\n<p>\u00a1Chap\u00f3, Don Manuel! Y que ese d\u00eda menos pensado le llegue lo m\u00e1s tarde posible, para su bien y el contento de la infinidad de sus lectores.<\/p>\n<p>&#8211;Foto_ Absotum\u00e1laga)&#8212;&#8212;&#8212;-<\/p>\n","protected":false},"excerpt":{"rendered":"<p>&nbsp; \u00a1Chap\u00f3,\u00a0 Don Manuel! &nbsp; En la tierra de los galos se dir\u00eda \u201cchapeau\u201d, como saben,\u00a0 pero por estos lares acostumbramos a desembarazarnos de letras que nos parece superfluas y nos sale el \u00a1chap\u00f3! sin que se cambie un \u00e1pice el significado del vocablo con el que acompa\u00f1amos el gesto\u00a0 de quitamos el sombrero en [&hellip;]<\/p>\n","protected":false},"author":27495,"featured_media":0,"comment_status":"open","ping_status":"open","sticky":false,"template":"","format":"standard","meta":[],"categories":[3,17],"tags":[655],"_links":{"self":[{"href":"https:\/\/blogs.diariosur.es\/avuelapluma\/wp-json\/wp\/v2\/posts\/2904"}],"collection":[{"href":"https:\/\/blogs.diariosur.es\/avuelapluma\/wp-json\/wp\/v2\/posts"}],"about":[{"href":"https:\/\/blogs.diariosur.es\/avuelapluma\/wp-json\/wp\/v2\/types\/post"}],"author":[{"embeddable":true,"href":"https:\/\/blogs.diariosur.es\/avuelapluma\/wp-json\/wp\/v2\/users\/27495"}],"replies":[{"embeddable":true,"href":"https:\/\/blogs.diariosur.es\/avuelapluma\/wp-json\/wp\/v2\/comments?post=2904"}],"version-history":[{"count":0,"href":"https:\/\/blogs.diariosur.es\/avuelapluma\/wp-json\/wp\/v2\/posts\/2904\/revisions"}],"wp:attachment":[{"href":"https:\/\/blogs.diariosur.es\/avuelapluma\/wp-json\/wp\/v2\/media?parent=2904"}],"wp:term":[{"taxonomy":"category","embeddable":true,"href":"https:\/\/blogs.diariosur.es\/avuelapluma\/wp-json\/wp\/v2\/categories?post=2904"},{"taxonomy":"post_tag","embeddable":true,"href":"https:\/\/blogs.diariosur.es\/avuelapluma\/wp-json\/wp\/v2\/tags?post=2904"}],"curies":[{"name":"wp","href":"https:\/\/api.w.org\/{rel}","templated":true}]}}