{"id":2909,"date":"2017-05-27T10:05:08","date_gmt":"2017-05-27T08:05:08","guid":{"rendered":"http:\/\/blogs.diariosur.es\/avuelapluma\/?p=2909"},"modified":"2017-05-27T10:05:08","modified_gmt":"2017-05-27T08:05:08","slug":"ronda-romantica-hechizo-de-la-vuelta-al-pasado","status":"publish","type":"post","link":"https:\/\/blogs.diariosur.es\/avuelapluma\/2017\/05\/27\/ronda-romantica-hechizo-de-la-vuelta-al-pasado\/","title":{"rendered":"Ronda Rom\u00e1ntica, hechizo de la vuelta al pasado"},"content":{"rendered":"<p><strong>\u00a0<\/strong><\/p>\n<p><strong>\u00a0<\/strong><\/p>\n<p><strong>\u00a0<img loading=\"lazy\" title=\"Ver imagen de origen\" src=\"\/\/www.diariosur.es\/diariosur\/multimedia\/201405\/30\/media\/ronda-romantica.jpg\" alt=\"Resultado de imagen de imagenes de ronda ronda rom\u00e1ntica\" width=\"1204\" height=\"900\" \/><\/strong><\/p>\n<p><strong>\u00a0Foto:Diario SUR<\/strong><\/p>\n<p><strong>Ronda Rom\u00e1ntica, hechizo de la vuelta al pasado<\/strong><\/p>\n<p><strong>JOS\u00c9 BECERRA<\/strong><\/p>\n<p><span style=\"font-family: Calibri; font-size: small;\">\u00a0<\/span><strong>Se abri\u00f3 la V edici\u00f3n de Ronda Rom\u00e1ntica y para ello se tuvo la suerte de contar con el actor Manuel Bandera para pronunciar el preg\u00f3n de apertura ataviado a la usanza que requer\u00eda el caso: a la bandolera, como el resto de los que se reunieron en el Convento de Santo Domingo para dar el pistoletazo de salida al evento.<\/strong><\/p>\n<p><strong>\u00a0\u00a0 Si la Real Feria de Ganado de Mayo es la de la exposici\u00f3n intensiva de ganados y las transacciones consiguientes con el tira y afloja consiguiente entre el que compra y vende dando pie a unas im\u00e1genes que hablan por s\u00ed solas de la reciedumbre de estas transacciones a <em>plein air,\u00a0 <\/em>o sea en mitad del campo, cuando no a la sombra de un tabuco en los que paladear un vinillo serrano que alegra y aligera el habla contumaz tanto del que vende como el del que compra, la que conmemora la Ronda Rom\u00e1ntica persigue otros fines e intervienen otros personajes no menos interesantes y que vienen dando lustre a la historiograf\u00eda local \u00a0de los dos \u00faltimos siglos. Se celebra sin soluci\u00f3n de continuidad a la ganadera, cuando no se entremezcla con aqu\u00e9lla y los actos de una y otra tienen lugar al\u00a0 un\u00edsono para regocijo de quienes se aproximan a\u00a0 la ciudad del Tajo durante los finales d\u00edas de mayo. Este a\u00f1o desde el d\u00eda 25 al 28, para m\u00e1s se\u00f1as.<\/strong><\/p>\n<p><strong>\u00a0\u00a0 Bandoleros y \u00a0arrieros, ataviados a la antigua usanza, recordar\u00e1n a los\u00a0 \u00a0que animaron los inextricables caminos de la Serran\u00eda de Ronda de anta\u00f1o. Vestidos a la antigua usanza, prestar\u00e1n color y prestancia\u00a0 a una feria, que junto a la ganadera coloca a la ciudad con preferencia en el candelero de las festividades que en el mes de mayo afloran \u00a0\u00a0a lo largo y ancho de la geograf\u00eda espa\u00f1ola. Se exalta la figura del Majo Ronde\u00f1o que recupera la vestimenta del siglo XVIII en un alarde de reverdecer lo genuinamente espa\u00f1ol y la indiferencia de las modas que nos ven\u00edan del exterior. Una reacci\u00f3n casticista a las indumentarias ajenas y de exaltaci\u00f3n de las propias, la cuales se extendieron por todo el solar andaluz como una eclosi\u00f3n que tuvo como epicentro la Serran\u00eda de Ronda y el Campo de Gibraltar.<\/strong><\/p>\n<p><strong>\u00a0\u00a0 En las\u00a0 se\u00f1as de identidad de la Serran\u00eda de Ronda, tan extensas ellas como determinantes de la idiosincrasia de sus pueblos, figuran con preeminencia la figura del bandolero decimon\u00f3nico. La particular orograf\u00eda de la regi\u00f3n, abrupta y poco transitable, facilit\u00f3 la existencia de quienes perseguidos por la justicia buscaron en sus recovecos protecci\u00f3n para sus borrascosas vidas. \u00a0Por aqu\u00ed deambularon figuras tan tristemente c\u00e9lebres como Jos\u00e9 Ulloa \u201cTragabuches\u201d, Juan Mingolla \u201cPasos Largos\u201d, o Jos\u00e9 Mar\u00eda \u201cEl Tempranillo\u201d, que aqu\u00ed comenz\u00f3 sus andanzas antes de dar el salto a Sierra Morena para formar parte de la c\u00e9lebre banda\u00a0 \u201cLos Siete Ni\u00f1os de \u00c9cija\u201d que \u00a0camparon a sus anchas por toda Andaluc\u00eda. <\/strong><\/p>\n<p><strong>\u00a0\u00a0 <\/strong><strong>Los escritores rom\u00e1nticos quedaron anonadados con la contemplaci\u00f3n de \u201cestas tierras grandiosas\u201d. Coinciden en afirmar, trasladando a los lectores esta apreciaci\u00f3n, su atractivo peculiar y les invitan a que vengan a visitarla no importa desde qu\u00e9 rinc\u00f3n de Europa. Fue el suyo un regalo descriptivo que nunca agradeceremos bastante. Desfiladeros imponentes y majestuosas sierras no les asustaban, sino que como afirma la viajera Madame de Suberwick (que tambi\u00e9n hubo damas viajeras que se dejaron ganar por el brav\u00edo paisaje que contemplaban), afirm\u00f3 que \u201cparajes m\u00e1s que asustarle le cautivaban\u201d. De la misma opini\u00f3n es Richard Ford, posiblemente el viajero m\u00e1s conocido por sus antiguas gu\u00edas de viaje por Espa\u00f1a.<\/strong><strong>\u00a0\u00a0\u00a0\u00a0\u00a0\u00a0 <\/strong><\/p>\n<p><strong>\u00a0\u00a0\u00a0 <\/strong><strong>Ronda, que tiene mucho que ofrecer, ah\u00ed est\u00e1n los monumentos naturales \u2013 el Tajo, s\u00edmbolo que la catapulta tanto al interior del pa\u00eds como allende fronteras \u2013 como debido a la mano del hombre- Puente Nuevo, vetustos conventos, suntuosas iglesias, palacios y casas solariegas cargadas de a\u00f1os e historia\u2026 \u2013 solo tendr\u00e1 que poner en juego sus encantos para que lleguen a todas las latitudes. <\/strong><\/p>\n<p><strong>\u00a0 Con un valor a\u00f1adido, el del interior comarcal \u2013 pueblos blancos alineados a lo largo y ancho de la Serran\u00eda- cuyo m\u00e9rito se est\u00e1 poniendo merecidamente en valor y que obran como acicate a las miradas tanto del interior como exterior de nuestro suelo patrio. Tradiciones y hechizo no le faltan.<\/strong><\/p>\n<p><strong>\u00a0\u00a0 <\/strong><\/p>\n","protected":false},"excerpt":{"rendered":"<p>\u00a0 \u00a0 \u00a0 \u00a0Foto:Diario SUR Ronda Rom\u00e1ntica, hechizo de la vuelta al pasado JOS\u00c9 BECERRA \u00a0Se abri\u00f3 la V edici\u00f3n de Ronda Rom\u00e1ntica y para ello se tuvo la suerte de contar con el actor Manuel Bandera para pronunciar el preg\u00f3n de apertura ataviado a la usanza que requer\u00eda el caso: a la bandolera, como [&hellip;]<\/p>\n","protected":false},"author":27495,"featured_media":0,"comment_status":"open","ping_status":"open","sticky":false,"template":"","format":"standard","meta":[],"categories":[3,19],"tags":[457,525,923],"_links":{"self":[{"href":"https:\/\/blogs.diariosur.es\/avuelapluma\/wp-json\/wp\/v2\/posts\/2909"}],"collection":[{"href":"https:\/\/blogs.diariosur.es\/avuelapluma\/wp-json\/wp\/v2\/posts"}],"about":[{"href":"https:\/\/blogs.diariosur.es\/avuelapluma\/wp-json\/wp\/v2\/types\/post"}],"author":[{"embeddable":true,"href":"https:\/\/blogs.diariosur.es\/avuelapluma\/wp-json\/wp\/v2\/users\/27495"}],"replies":[{"embeddable":true,"href":"https:\/\/blogs.diariosur.es\/avuelapluma\/wp-json\/wp\/v2\/comments?post=2909"}],"version-history":[{"count":0,"href":"https:\/\/blogs.diariosur.es\/avuelapluma\/wp-json\/wp\/v2\/posts\/2909\/revisions"}],"wp:attachment":[{"href":"https:\/\/blogs.diariosur.es\/avuelapluma\/wp-json\/wp\/v2\/media?parent=2909"}],"wp:term":[{"taxonomy":"category","embeddable":true,"href":"https:\/\/blogs.diariosur.es\/avuelapluma\/wp-json\/wp\/v2\/categories?post=2909"},{"taxonomy":"post_tag","embeddable":true,"href":"https:\/\/blogs.diariosur.es\/avuelapluma\/wp-json\/wp\/v2\/tags?post=2909"}],"curies":[{"name":"wp","href":"https:\/\/api.w.org\/{rel}","templated":true}]}}