{"id":2911,"date":"2017-05-31T12:01:08","date_gmt":"2017-05-31T10:01:08","guid":{"rendered":"http:\/\/blogs.diariosur.es\/avuelapluma\/?p=2911"},"modified":"2017-05-31T12:01:08","modified_gmt":"2017-05-31T10:01:08","slug":"vuelve-sanchez-con-renovados-impetus","status":"publish","type":"post","link":"https:\/\/blogs.diariosur.es\/avuelapluma\/2017\/05\/31\/vuelve-sanchez-con-renovados-impetus\/","title":{"rendered":"Vuelve S\u00e1nchez con renovados \u00edmpetus"},"content":{"rendered":"<p><img loading=\"lazy\" src=\"\/\/www.bing.com\/th?id=A230aaae1b4b6df717decbf758c7b8d3e&#038;w=120&#038;h=120&#038;c=12&#038;rs=1&#038;qlt=80&#038;cdv=1&#038;pid=16.2\" alt=\"Pedro S\u00e1nchez\" width=\"120\" height=\"120\" data-bm=\"30\" \/><\/p>\n<p><strong>Vuelve S\u00e1nchez con renovados \u00edmpetus<\/strong><\/p>\n<p><strong>\u00a0<\/strong><\/p>\n<p><strong>JOSE BECERRA<\/strong><\/p>\n<p><strong>El renovado Secretario General del PSOE, Pedro S\u00e1nchez, ha optado en sus primeros d\u00edas de su vuelta al poder en aliarse con el presidente Rajoy tendi\u00e9ndole la mano en el caso del secesionismo catal\u00e1n y presentar batalla a los que porf\u00edan por su consecuci\u00f3n desde Puigdemon para abajo. \u00bfEs una ilusi\u00f3n pasajera o una realidad lo de tender lazos con la derecha en casos puntuales y que atentan contra la integridad de Espa\u00f1a? \u00a0\u00a0\u00a0\u00a0<\/strong><\/p>\n<p><strong>\u00a0\u00a0\u00a0 Y de este interrogante a otro teniendo en mente su deriva de ataque a ultranza del Partido Popular en los d\u00edas que precedieron a su defenestraci\u00f3n:<em> <\/em>\u00bfBeneficia o perjudica al ciudadano de calle la vuelta al primer plano pol\u00edtico la figura de Pedro S\u00e1nchez? Ardua cuesti\u00f3n \u00a1vive Dios!, que exclamar\u00eda el espadach\u00edn enamoradizo Don Juan ante una cuesti\u00f3n de obscuro porvenir. Ya ense\u00f1aron los cuchillos cachicuernos los tres aspirantes a regir los destinos del partido socialista cada uno empe\u00f1ado en conquistar la Secretar\u00eda General. Un duelo a tres que sigui\u00f3 con expectaci\u00f3n media Espa\u00f1a sabedora de que el debate habr\u00eda de torcer los destinos del partido, fuese cual fuere el elegido por la militancia que masivamente acudi\u00f3 a las urnas. Como as\u00ed ha sido finalmente. Porque Pedro S\u00e1nchez, el preferido por la \u201chinchada\u201d del pu\u00f1o y la rosa mucho es de temer que imprima a sus partidarios nuevos rumbos que ya apuntaron en su trayectoria pol\u00edtica antes de que fuese defenestrado.<\/strong><\/p>\n<p><strong>\u00a0\u00a0 Por lo pronto, y este es un hecho ins\u00f3lito, el resultado de la votaci\u00f3n de S\u00e1nchez ha significado la derrota clamorosa no de Susana D\u00edaz, que tambi\u00e9n y sobre todo, sino el descalabro de la vieja guardia socialista, con el \u00ednclito Felipe\u00a0 Gonz\u00e1lez a la cabeza, quien no ocultaba su desd\u00e9n al que ha sabido llevar su gato al agua, aupado por la militancia, y recuperar el tim\u00f3n de la nave que mostraba todos los visos de zozobrar en el mar peligroso de los sargazos, no se sabe a ciencia cierta si con buen tino. Naturalmente, la contingencia subsiste y superado el escollo de elegir el gu\u00eda por las bases los obst\u00e1culos persisten y la remontada sigue estando en el aire. Algo que para S\u00e1nchez pasa indubitablemente a tenor de su machacona insistencia por atacar con denuedo al Partido Popular y perseguir hasta la extenuaci\u00f3n la ca\u00edda de Rajoy. Algo que est\u00e1 por ver ya que \u00e9ste se atrinchera y afirma que no habr\u00e1 convocatoria de elecciones por lo menos con la premura que S\u00e1nchez podr\u00eda reclamar ante la premura de \u00e9ste a entrar de nuevo en un Congreso, en el que se ve\u00a0 hasta ahora desterrado, muy a su pesar.<\/strong><\/p>\n<p><strong>\u00a0\u00a0 Se dice, y con raz\u00f3n, que las primarias las carga el diablo y as\u00ed debe ser en este caso, en las que se ha optado por el candidato m\u00e1s radical del elenco aupado por los militantes m\u00e1s combativos. Obviaron \u00e9stos en su elecci\u00f3n, o lo votaron precisamente por ello,\u00a0 que S\u00e1nchez\u00a0 tiene declarada la guerra a la derecha y que no dudar\u00e1 en aliarse con el diablo, l\u00e9ase Pablo Iglesias, o con los que claman por la independencia de Catalu\u00f1a para llegar a alojarse en la Moncloa m\u00e1s temprano que tarde.<\/strong><\/p>\n<p><strong>\u00a0\u00a0 Est\u00e1 por ver si las aspiraciones de S\u00e1nchez, que muchos consideran nefastas para Espa\u00f1a, llegan a buen puerto. Por lo pronto, hay que rendirse a su tes\u00f3n y ma\u00f1as para nadar en r\u00edo de aguas revueltas. Vuelve el \u201cno es no\u201d y la intolerancia a las filas socialistas remolcados por un l\u00edder menoscabado que vuelve con renovadas \u00ednfulas. Es un dilema por el momento el que nace con su vuelta a la primera fila pol\u00edtica, aunque para muchos no hay dudas de que proseguir\u00e1 con su intolerancia a la derecha, a los derroteros normales de su partido y al<\/strong> <strong><em>establishment <\/em><\/strong><strong>\u00a0hasta ahora imperante.<\/strong><\/p>\n<p><strong>\u00a0 Que se robustezca o debilite el partido con su presencia es una inc\u00f3gnita que se barrunta tendremos que esperar poco tiempo para que se desvele. \u201c<em>Tha\u00b4t the question\u201d<\/em> que dicen \u00a0los anglosajones. Lo que s\u00ed es cierto es que vuelve con renovados \u00edmpetus. <\/strong><\/p>\n<p>&nbsp;<\/p>\n","protected":false},"excerpt":{"rendered":"<p>Vuelve S\u00e1nchez con renovados \u00edmpetus \u00a0 JOSE BECERRA El renovado Secretario General del PSOE, Pedro S\u00e1nchez, ha optado en sus primeros d\u00edas de su vuelta al poder en aliarse con el presidente Rajoy tendi\u00e9ndole la mano en el caso del secesionismo catal\u00e1n y presentar batalla a los que porf\u00edan por su consecuci\u00f3n desde Puigdemon para [&hellip;]<\/p>\n","protected":false},"author":27495,"featured_media":0,"comment_status":"open","ping_status":"open","sticky":false,"template":"","format":"standard","meta":[],"categories":[3,18],"tags":[935,1073],"_links":{"self":[{"href":"https:\/\/blogs.diariosur.es\/avuelapluma\/wp-json\/wp\/v2\/posts\/2911"}],"collection":[{"href":"https:\/\/blogs.diariosur.es\/avuelapluma\/wp-json\/wp\/v2\/posts"}],"about":[{"href":"https:\/\/blogs.diariosur.es\/avuelapluma\/wp-json\/wp\/v2\/types\/post"}],"author":[{"embeddable":true,"href":"https:\/\/blogs.diariosur.es\/avuelapluma\/wp-json\/wp\/v2\/users\/27495"}],"replies":[{"embeddable":true,"href":"https:\/\/blogs.diariosur.es\/avuelapluma\/wp-json\/wp\/v2\/comments?post=2911"}],"version-history":[{"count":0,"href":"https:\/\/blogs.diariosur.es\/avuelapluma\/wp-json\/wp\/v2\/posts\/2911\/revisions"}],"wp:attachment":[{"href":"https:\/\/blogs.diariosur.es\/avuelapluma\/wp-json\/wp\/v2\/media?parent=2911"}],"wp:term":[{"taxonomy":"category","embeddable":true,"href":"https:\/\/blogs.diariosur.es\/avuelapluma\/wp-json\/wp\/v2\/categories?post=2911"},{"taxonomy":"post_tag","embeddable":true,"href":"https:\/\/blogs.diariosur.es\/avuelapluma\/wp-json\/wp\/v2\/tags?post=2911"}],"curies":[{"name":"wp","href":"https:\/\/api.w.org\/{rel}","templated":true}]}}