{"id":2962,"date":"2017-06-15T10:13:55","date_gmt":"2017-06-15T08:13:55","guid":{"rendered":"http:\/\/blogs.diariosur.es\/avuelapluma\/?p=2962"},"modified":"2017-06-15T10:13:55","modified_gmt":"2017-06-15T08:13:55","slug":"salvajada-en-la-cueva-del-cantal-de-la-cala-del-moral","status":"publish","type":"post","link":"https:\/\/blogs.diariosur.es\/avuelapluma\/2017\/06\/15\/salvajada-en-la-cueva-del-cantal-de-la-cala-del-moral\/","title":{"rendered":"Salvajada en la Cueva del  Cantal de la Cala del Moral"},"content":{"rendered":"<p><img title=\"Ver imagen de origen\" src=\"\/\/tse3.mm.bing.net\/th?id=OIP.NJEVTXpGXkFP7-6nJrTgcQEsDI&#038;pid=15.1\" alt=\"Resultado de imagen de imagenes de la cueva del cantal\" data-bm=\"13\" data-width=\"1600\" data-height=\"1071\" \/><\/p>\n<p>&nbsp;<\/p>\n<p>Salvajada en la Cueva del \u00a0Cantal de la Cala del Moral<\/p>\n<p>JOS\u00c9 BECERRA<\/p>\n<p>En mis paseos otrora vespertinos\u00a0 por los alrededores de la Cala del Moral, siguiendo de cerca el tr\u00e1nsito que la proximidad del mar me permite y soslayando \u00a0la vista de la carretera y su bullir\u00a0 constate de veh\u00edculos que desentonan en\u00a0 un paraje que invita a la relajaci\u00f3n, todo hay que decirlo, me he parado infinidad de veces\u00a0 para contemplar la hendidura en la piedra caliza que sirvi\u00f3 de entrada a las cuevas del Cantal. En ella buscaron refugio los abor\u00edgenes del lugar se supone que para \u00a0\u00a0resguardarse de las inclemencias del tiempo o para sus quehaceres de supervivencia en el clima hostil que propiciaba el \u00faltimo estadio del Paleol\u00edtico que abr\u00eda la Edad de Piedra.<\/p>\n<p>Me maravillaba tener tan cerca un portento de la andadura del hombre prehist\u00f3rico\u00a0 por la zona, sobre todo porque en las grutas que condicionaron su vivir dejaron muestran de un arte incipiente que habr\u00eda de maravillarnos milenios despu\u00e9s. De la misma forma, en un correlato evidente, que los son las grutas de Lascaux o Altamira, pongo por casos, la del Cantal ha sido considerada por investigadores de este portento art\u00edstico prehist\u00f3rico como \u201cuna catedral cultural y religiosa\u201d, m\u00e1s all\u00e1 de servir para resguardarse de las inclemencias del tiempo.<\/p>\n<p>Pero existen otras razones que hablan de la singularidad de este espacio socavado o erosionado en la roca: es la \u00fanica dentro del Continente europeo cuyo origen es submarino y que form\u00f3 en la \u00e9poca jur\u00e1sica emergiendo del mar cual Ulises que engalana la mitolog\u00eda y la leyenda de la Antigua Grecia. Solo que aqu\u00ed en los Cantales quienes anidaron fueron quienes \u00a0se alimentaron en los\u00a0 concheros o dep\u00f3sitos de moluscos, conchas y peces que les serv\u00edan de sustento.<\/p>\n<p>Por estos argumentos irrefutables el Cantal se deber\u00eda considerar como un santuario que merece el cuido y la protecci\u00f3n de propios y extra\u00f1os, y resulta tan incompresible como vejatorio para quien tenemos m\u00e1s de dos dedos de frente que haya sido asaltado por una horda de descerebrados que han emponzo\u00f1ado con grafitis pinturas rupestres que merecen el respeto y la admiraci\u00f3n de todos. Una salvajada que no debe repetirse so pena de recibir el severo castigo de quienes atentan contra\u00a0 un legado cultural que no puede por menos de sentar las bases de formas de vidas ancestrales cuyo respeto y salvaguarda es tarea de todos, y de las autoridades de las administraciones p\u00fablicas en primer lugar.<\/p>\n<p>(No soy autor de la foto)<\/p>\n<p>&nbsp;<\/p>\n<p>&nbsp;<\/p>\n<p>&nbsp;<\/p>\n","protected":false},"excerpt":{"rendered":"<p>&nbsp; Salvajada en la Cueva del \u00a0Cantal de la Cala del Moral JOS\u00c9 BECERRA En mis paseos otrora vespertinos\u00a0 por los alrededores de la Cala del Moral, siguiendo de cerca el tr\u00e1nsito que la proximidad del mar me permite y soslayando \u00a0la vista de la carretera y su bullir\u00a0 constate de veh\u00edculos que desentonan en\u00a0 [&hellip;]<\/p>\n","protected":false},"author":27495,"featured_media":0,"comment_status":"open","ping_status":"open","sticky":false,"template":"","format":"standard","meta":[],"categories":[3,17],"tags":[309,933],"_links":{"self":[{"href":"https:\/\/blogs.diariosur.es\/avuelapluma\/wp-json\/wp\/v2\/posts\/2962"}],"collection":[{"href":"https:\/\/blogs.diariosur.es\/avuelapluma\/wp-json\/wp\/v2\/posts"}],"about":[{"href":"https:\/\/blogs.diariosur.es\/avuelapluma\/wp-json\/wp\/v2\/types\/post"}],"author":[{"embeddable":true,"href":"https:\/\/blogs.diariosur.es\/avuelapluma\/wp-json\/wp\/v2\/users\/27495"}],"replies":[{"embeddable":true,"href":"https:\/\/blogs.diariosur.es\/avuelapluma\/wp-json\/wp\/v2\/comments?post=2962"}],"version-history":[{"count":0,"href":"https:\/\/blogs.diariosur.es\/avuelapluma\/wp-json\/wp\/v2\/posts\/2962\/revisions"}],"wp:attachment":[{"href":"https:\/\/blogs.diariosur.es\/avuelapluma\/wp-json\/wp\/v2\/media?parent=2962"}],"wp:term":[{"taxonomy":"category","embeddable":true,"href":"https:\/\/blogs.diariosur.es\/avuelapluma\/wp-json\/wp\/v2\/categories?post=2962"},{"taxonomy":"post_tag","embeddable":true,"href":"https:\/\/blogs.diariosur.es\/avuelapluma\/wp-json\/wp\/v2\/tags?post=2962"}],"curies":[{"name":"wp","href":"https:\/\/api.w.org\/{rel}","templated":true}]}}