{"id":2978,"date":"2017-07-16T12:46:16","date_gmt":"2017-07-16T10:46:16","guid":{"rendered":"http:\/\/blogs.diariosur.es\/avuelapluma\/?p=2978"},"modified":"2017-07-16T12:46:16","modified_gmt":"2017-07-16T10:46:16","slug":"bernardo-de-galvez-en-el-congreso-de-los-diputados-2","status":"publish","type":"post","link":"https:\/\/blogs.diariosur.es\/avuelapluma\/2017\/07\/16\/bernardo-de-galvez-en-el-congreso-de-los-diputados-2\/","title":{"rendered":"Bernardo de G\u00e1lvez en el Congreso de los Diputados"},"content":{"rendered":"<p><strong>Bernardo de G\u00e1lvez en el Congreso de los Diputados<\/strong><\/p>\n<p><strong>JOS\u00c9 BECERRA<\/strong><\/p>\n<p><strong>\u00a0<\/strong><\/p>\n<p><strong>Naturalmente, me refiero a su retrato. La efigie de este h\u00e9roe de Macharaviaya es digna que est\u00e9 presente all\u00ed donde se cuecen todos los asuntos de Estado y permanecen para no ser olvidados personajes que de una u otra forma trabajaron para el engrandecimiento de Espa\u00f1a. No parece descabellado, tal y como acaba de proponer el Presidente de la Diputaci\u00f3n de M\u00e1laga, El\u00edas Bendodo, que el h\u00e9roe malague\u00f1o de la independencia de Estados Unidos figure en alguna de las dependencias del Congreso. Hizo la propuesta durante la presentaci\u00f3n de los actos conmemorativos de la Independencia de los Estados Unidos que se celebran en el pueblo de la comarca de la\u00a0 Axarqu\u00eda en estos d\u00edas.<\/strong><\/p>\n<p><strong>\u00a0\u00a0 Sorprendi\u00f3 meses atr\u00e1s la descarga en el puerto de M\u00e1laga de una veintena de toneladas de roble vivo de Virginia (EEUU) donadas por el pueblo americano para dar forma a una r\u00e9plica exacta del bergant\u00edn <em>\u201cGalveztown\u201d<\/em>, que tan destacado papel jug\u00f3, bajo el mando de su aguerrido capit\u00e1n Bernardo G\u00e1lvez en la guerra de independencia de los Estados Unidos. Una vez finalizada la construcci\u00f3n naval, el velero se har\u00e1 a la mar y surcando las mismas aguas atl\u00e1nticas realizar\u00e1 el periplo que le llevar\u00e1 a arribar a las aguas de la pen\u00ednsula de Pensacola, decisiva para la expulsi\u00f3n de los ingleses y la consecuci\u00f3n de los objetivos militares de los americanos sublevados, comandados por Jorge Washington, el primer presidente estadounidense.<\/strong><\/p>\n<p><strong>\u00a0 \u00a0El pueblo ax\u00e1rquico de Macharaviaya, a un tiro de piedra de Rinc\u00f3n de la Victoria y Benajarafe, lo forman calles escalonadas que no pueden renunciar a su origen \u00e1rabe por trazado y hechuras. Tiene raz\u00f3n de ser desde el siglo XVI y hubiera transcurrido su historia casi desapercibida si no hubiese sido porque en el siglo XVIII gozara de una colosal eclosi\u00f3n econ\u00f3mica en la que la menor participaci\u00f3n fueron sus vi\u00f1edos \u2013 riqueza que se perdi\u00f3 hacia 1870 con la epidemia de filoxera \u2013 y el mayor apogeo merced a los afanes de la aristocr\u00e1tica familia G\u00e1lvez, cuya finca era frecuentemente visitada por las m\u00e1s prominentes figuras de la M\u00e1laga dieciochesca. Fue en esta \u00e9poca cuando el pueblo mereci\u00f3 la denominaci\u00f3n de \u201cMadrid chico\u201d, sobrenombre a todas luces ilustrativo por muy hiperb\u00f3lico que parezca.<\/strong><\/p>\n<p><strong>\u00a0 \u00a0En los anales hist\u00f3ricos de Macharaviaya se escribe con letras de oro un apellido: G\u00e1lvez. La saga fecunda de pol\u00edticos de buen hacer, gobernadores preclaros y aguerridos navegantes que inici\u00f3 Jos\u00e9 de G\u00e1lvez (1721-1701), de quien se dijo y con raz\u00f3n tal fue su influencia en el Nuevo Mundo, que tuvo en sus manos el destino de Am\u00e9rica, se venera en el acogedor pueblo de la feraz Axarqu\u00eda malague\u00f1a. L\u00e1pidas conmemorativas en las calles, enterramientos se\u00f1oriales (cripta en el subsuelo del templo (bajo la advocaci\u00f3n de San Jacinto), que guarda los restos de la familia, y la todav\u00eda sobre algunos de sus muros la f\u00e1brica de naipes que surti\u00f3 para este juego de azar a toda la Am\u00e9rica de su tiempo (finales del siglo XVIII) hablan por si solas de la raigambre de este linaje en el pueblo.<\/strong><\/p>\n<p><strong>\u00a0\u00a0La prosapia del apellido G\u00e1lvez en el siglo dieciochesco, sin hacer distinci\u00f3n de cada uno de los miembros de la familia, la atestigua sus relaciones con personajes de tanto relieve como Carlos III, (quien hizo a Jos\u00e9 ministro de Indias), Esquilache, Grimaldi o Fray Jun\u00edpero de Serra. Hablan por s\u00ed solo, adem\u00e1s, los cargos que unos u otros ocuparon y en cuya ejecuci\u00f3n siguieron de cerca los postulados de las reformas borb\u00f3nicas y que abarcaron los campos de la administraci\u00f3n, la econom\u00eda, la milicia y la hacienda.<br \/>\nPero quiz\u00e1 sea la figura de Bernardo la que ejerza mayor poder de fascinaci\u00f3n en cuanto que encarn\u00f3 el esp\u00edritu de intrepidez, osad\u00eda y denuedo que caracterizaron a los conquistadores espa\u00f1oles que le precedieron en el nuevo mundo descubierto por Col\u00f3n y sus seguidores. Hijo de Mat\u00edas de G\u00e1lvez, virrey de M\u00e9jico, a punto de mediar el siglo XVIII, su vida, que no lleg\u00f3 a coronar este siglo (muri\u00f3 en 1786), fue corta pero heroica a m\u00e1s no poder(muri\u00f3 a los 40 a\u00f1os, siendo ya virrey de M\u00e9xico.<br \/>\nAbandon\u00f3 su pueblo natal, Macharaviaya, con edad temprana. Militar a los diecis\u00e9is a\u00f1os (Academia de \u00c1vila), se alista como voluntario a la guerra contra Portugal en 1762. Tres a\u00f1os despu\u00e9s viaja por primera vez a Am\u00e9rica, se distingue por sus enfrentamientos con los indios apaches, y vuelva a Espa\u00f1a diez a\u00f1os transcurridos diez a\u00f1os. Su valor y sus dotes de pol\u00edtico son ya justamente reconocidos. Viaja a Francia y lucha en Argel, donde acrisola su temple de soldado al continuar la emisi\u00f3n encomendada, pese a un serio percance de guerra que puso en peligro su vida.<\/strong><\/p>\n<p><strong>\u00a0 Volvi\u00f3 a Am\u00e9rica, en concreto a Luisiana, de donde fue nombrado Gobernador y toma parte desde el primer momento a favor de los independentistas norteamericanos en guerra para sacudir el yugo de la opresi\u00f3n de los ingleses. El mito G\u00e1lvez empieza ya a ser realidad entre sus soldados. Golpea a los ingleses, ya en guerra contra Espa\u00f1a, arrebat\u00e1ndoles los bastiones m\u00e1s importantes a las orillas del Mississipi. Paso siguiente fue la toma de Mobile, la cual sirvi\u00f3 de trampol\u00edn para la conquista de Pensacola, acci\u00f3n que cubri\u00f3 indefinidamente de gloria al navegante de Macharaviaya, al tomar la ciudad con escasos medios y dotaci\u00f3n personal a bordo del ca\u00f1onero bergant\u00edn <em>Galveztown<\/em>. \u201c\u00a1Se puede!\u201d, fue su grito de guerra, cuando contra todo parecer por lo improbable de la victoria, trataron de disuadirle de iniciar el asalto a la bah\u00eda.<\/strong><span style=\"font-size: small;\">.<\/span><\/p>\n<p><strong>Y se pudo, efectivamente. Finalizada la guerra, que fue particularmente sangrienta, el ya Conde de G\u00e1lvez (t\u00edtulo nobiliario que le concedi\u00f3 Carlos III), fue declarado H\u00e9roe Nacional por el Congreso de los Estados Unidos.<\/strong><\/p>\n<p><strong>\u00a0\u00a0 Prodigiosa haza\u00f1a la de este hijo de Macharaviaya en el Nuevo Continente. El pueblo \u00a0malague\u00f1o sigue reverenciando la figura del insigne militar y hombre de Estado que lo catapult\u00f3 a la gloria.\u00a0 Una personalidad egregia cuya imagen no va a desentonar, ni mucho menos, en el Congreso de los Diputados, tal y como ha propuesto el presidente de la Diputaci\u00f3n malague\u00f1a.<\/strong><\/p>\n","protected":false},"excerpt":{"rendered":"<p>Bernardo de G\u00e1lvez en el Congreso de los Diputados JOS\u00c9 BECERRA \u00a0 Naturalmente, me refiero a su retrato. La efigie de este h\u00e9roe de Macharaviaya es digna que est\u00e9 presente all\u00ed donde se cuecen todos los asuntos de Estado y permanecen para no ser olvidados personajes que de una u otra forma trabajaron para el [&hellip;]<\/p>\n","protected":false},"author":27495,"featured_media":0,"comment_status":"open","ping_status":"open","sticky":false,"template":"","format":"standard","meta":[],"categories":[3,17],"tags":[145,643],"_links":{"self":[{"href":"https:\/\/blogs.diariosur.es\/avuelapluma\/wp-json\/wp\/v2\/posts\/2978"}],"collection":[{"href":"https:\/\/blogs.diariosur.es\/avuelapluma\/wp-json\/wp\/v2\/posts"}],"about":[{"href":"https:\/\/blogs.diariosur.es\/avuelapluma\/wp-json\/wp\/v2\/types\/post"}],"author":[{"embeddable":true,"href":"https:\/\/blogs.diariosur.es\/avuelapluma\/wp-json\/wp\/v2\/users\/27495"}],"replies":[{"embeddable":true,"href":"https:\/\/blogs.diariosur.es\/avuelapluma\/wp-json\/wp\/v2\/comments?post=2978"}],"version-history":[{"count":0,"href":"https:\/\/blogs.diariosur.es\/avuelapluma\/wp-json\/wp\/v2\/posts\/2978\/revisions"}],"wp:attachment":[{"href":"https:\/\/blogs.diariosur.es\/avuelapluma\/wp-json\/wp\/v2\/media?parent=2978"}],"wp:term":[{"taxonomy":"category","embeddable":true,"href":"https:\/\/blogs.diariosur.es\/avuelapluma\/wp-json\/wp\/v2\/categories?post=2978"},{"taxonomy":"post_tag","embeddable":true,"href":"https:\/\/blogs.diariosur.es\/avuelapluma\/wp-json\/wp\/v2\/tags?post=2978"}],"curies":[{"name":"wp","href":"https:\/\/api.w.org\/{rel}","templated":true}]}}