{"id":2988,"date":"2017-07-21T10:02:54","date_gmt":"2017-07-21T08:02:54","guid":{"rendered":"http:\/\/blogs.diariosur.es\/avuelapluma\/?p=2988"},"modified":"2017-07-21T10:02:54","modified_gmt":"2017-07-21T08:02:54","slug":"la-titanica-labor-de-los-corcheros","status":"publish","type":"post","link":"https:\/\/blogs.diariosur.es\/avuelapluma\/2017\/07\/21\/la-titanica-labor-de-los-corcheros\/","title":{"rendered":"La tit\u00e1nica labor de los corcheros"},"content":{"rendered":"<p>&nbsp;<\/p>\n<p><img title=\"Ver imagen de origen\" src=\"https:\/\/tse1.mm.bing.net\/th?id=OIP.UoogdyKvwFlAg2Me0lfrewFNC7&#038;pid=15.1\" alt=\"Resultado de imagen de fotos de corcheros de la serran\u00eda\" data-width=\"600\" data-bm=\"13\" data-height=\"338\" \/><\/p>\n<p>&nbsp;<\/p>\n<p>La tit\u00e1nica labor de los corcheros<\/p>\n<p>JOS\u00c9 BECERRA<\/p>\n<p>Como saben, <em>El r\u00edo que nos lleva <\/em>es una laureada novela del extinto escritor Jos\u00e9 Luis Sampedro. Rinde en ella homenaje a los gancheros del r\u00edo Tajo en su \u00edmproba labor de transportar maderos corriente abajo en un periplo que va desde la Serran\u00eda Ib\u00e9rica, en Guadalajara, hasta Aranjuez. Sortean angosturas y peligrosas corrientes y ponen no pocas veces en duro trance la integridad f\u00edsica de quienes participan en lo que es, m\u00e1s que un trabajo, una aventura con un final que no siempre es venturoso.<\/p>\n<p>Tuvieron su <em>ex\u00e9geta<\/em> los corcheros en la persona del escritor y humanista catal\u00e1n; nos falta alguien de su altura intelectual y descriptiva para que acometa la labor de sacar de las tinieblas para enaltecerla la labor de los corcheros que se dejan la piel bajo el implacable sol de los veranos de la Serran\u00eda de Ronda ejerciendo su rudo trabajo.<\/p>\n<p>Suben cada ma\u00f1ana los corcheros de Ronda y Cortes de la Frontera arreando sus animales de carga por senderos imposibles de los montes del t\u00e9rmino municipal respectivo. Se aprovechan las horas tempranas del\u00a0 d\u00eda para la penosa ascensi\u00f3n; la reata serpentea por las trochas a paso lento y medido; dura labor les espera y los corcheros son conscientes de ellos, as\u00ed como el esfuerzo sobrehumano que han de emplear y que mermar\u00e1n\u00a0 sus fuerzas a medida que las candentes horas del d\u00eda avancen hasta el halagador declive del sol.<\/p>\n<p>Pasan a\u00f1os y siglos y los corcheros de Ronda siguen subiendo al monte\u00a0 en los primeros d\u00edas de la can\u00edcula, antes que que las\u00a0 calares se intensifiquen y, sobretodo, que pase el tiempo m\u00e1s propicio\u00a0 para su labor. Ascienden las reatas de animales de carga por senderos casi imposibles arreados por quienes tienen como misi\u00f3n desnudar el alcornoque de su coraza de corcho, algo que\u00a0 hacen\u00a0 con el pundonor y ritual\u00a0 de quien arrebata su vestimenta a una vestal que gana gracilidad y gentileza expuesta al amor de\u00a0 airecillo de la sierra.<br \/>\nOficio antiguo donde los haya, el corchero de Ronda o de los pueblos lim\u00edtrofes en este quehacer at\u00e1vico cuya ense\u00f1anza se transmite de padres a hijos y se aprende all\u00ed donde el monte \u2013 destellos\u00a0 de sol atravesando la floresta creando irisaciones antes de acariciar el erial montuoso \u2013 se despuebla de presencia humana y el silencio reinante no se quiebra sino por el trino suave de un estornino atrevido o el graznar bronco de un aguilucho que atraviesa el aire con la rapidez de una flecha, espantado quiz\u00e1s por la intromisi\u00f3n de desconocidos en su predio montaraz y celeste.<\/p>\n<p>Pero el corcho ronde\u00f1o y el de Cortes de la Frontera, m\u00e1s all\u00e1 de la sublimaci\u00f3n de un oficio\u00a0 ancestral con toda la carga rom\u00e1ntica que conlleva lo antiguo e imperecedero posee una vertiente econ\u00f3mica nada despreciable. Que se lo digan si no a los ayuntamientos ronde\u00f1o y cortesano y el importante arrimo que significa para sus arcas no siempre boyantes. M\u00e1s de medio mill\u00f3n de euros vendr\u00e1n a engrosar el Consistorio de Ronda en concreto con la \u201csaca del corcho\u201d de los Montes de\u00a0 Propio, que en la temporadas actual ha resultado ser de excelente calidad como puede verse en los \u201cpatios\u201d donde se exhiben m\u00e1s que se amontonan para que se pueda apreciar lo especial de su textura.<\/p>\n<p>Hachas al hombro, \u00fanica herramienta empleada hasta hora por mucho que la mecanizaci\u00f3n trate de imponerse, los corcheros otean en las madrugadas el tajo que les ocupar\u00e1 durante buena parte del d\u00eda. \u00bfSer\u00e1n conscientes de que escriben cada a\u00f1o por estas fechas una de las p\u00e1ginas m\u00e1s sugerentes de la historia de Ronda, la pret\u00e9rita y la actual, sin que nada haya podido romper ilaci\u00f3n entre una y otra?<\/p>\n<p>&#8212;&#8211;<\/p>\n<p>No soy autor de la foto.<\/p>\n","protected":false},"excerpt":{"rendered":"<p>&nbsp; &nbsp; La tit\u00e1nica labor de los corcheros JOS\u00c9 BECERRA Como saben, El r\u00edo que nos lleva es una laureada novela del extinto escritor Jos\u00e9 Luis Sampedro. Rinde en ella homenaje a los gancheros del r\u00edo Tajo en su \u00edmproba labor de transportar maderos corriente abajo en un periplo que va desde la Serran\u00eda Ib\u00e9rica, [&hellip;]<\/p>\n","protected":false},"author":27495,"featured_media":0,"comment_status":"open","ping_status":"open","sticky":false,"template":"","format":"standard","meta":[],"categories":[3,21],"tags":[281,958],"_links":{"self":[{"href":"https:\/\/blogs.diariosur.es\/avuelapluma\/wp-json\/wp\/v2\/posts\/2988"}],"collection":[{"href":"https:\/\/blogs.diariosur.es\/avuelapluma\/wp-json\/wp\/v2\/posts"}],"about":[{"href":"https:\/\/blogs.diariosur.es\/avuelapluma\/wp-json\/wp\/v2\/types\/post"}],"author":[{"embeddable":true,"href":"https:\/\/blogs.diariosur.es\/avuelapluma\/wp-json\/wp\/v2\/users\/27495"}],"replies":[{"embeddable":true,"href":"https:\/\/blogs.diariosur.es\/avuelapluma\/wp-json\/wp\/v2\/comments?post=2988"}],"version-history":[{"count":0,"href":"https:\/\/blogs.diariosur.es\/avuelapluma\/wp-json\/wp\/v2\/posts\/2988\/revisions"}],"wp:attachment":[{"href":"https:\/\/blogs.diariosur.es\/avuelapluma\/wp-json\/wp\/v2\/media?parent=2988"}],"wp:term":[{"taxonomy":"category","embeddable":true,"href":"https:\/\/blogs.diariosur.es\/avuelapluma\/wp-json\/wp\/v2\/categories?post=2988"},{"taxonomy":"post_tag","embeddable":true,"href":"https:\/\/blogs.diariosur.es\/avuelapluma\/wp-json\/wp\/v2\/tags?post=2988"}],"curies":[{"name":"wp","href":"https:\/\/api.w.org\/{rel}","templated":true}]}}