{"id":2994,"date":"2017-07-27T09:51:05","date_gmt":"2017-07-27T07:51:05","guid":{"rendered":"http:\/\/blogs.diariosur.es\/avuelapluma\/?p=2994"},"modified":"2017-07-27T09:51:05","modified_gmt":"2017-07-27T07:51:05","slug":"la-insolita-verbena-del-tren-en-benaojan-2","status":"publish","type":"post","link":"https:\/\/blogs.diariosur.es\/avuelapluma\/2017\/07\/27\/la-insolita-verbena-del-tren-en-benaojan-2\/","title":{"rendered":"La ins\u00f3lita Verbena del Tren en Benaoj\u00e1n"},"content":{"rendered":"<p><img title=\"Ver imagen de origen\" src=\"https:\/\/tse4.mm.bing.net\/th?id=OIP.vDg0RQ1WuQAampu8ZEoKXQEsDh&#038;pid=15.1\" alt=\"Resultado de imagen de fotos de la verbena del tren en benaojan\" data-width=\"640\" data-height=\"480\" data-bm=\"13\" \/><\/p>\n<p>&nbsp;<\/p>\n<p>La ins\u00f3lita Verbena del Tren en Benaoj\u00e1n<\/p>\n<p>&nbsp;<\/p>\n<p>JOS\u00c9 BECERRA<\/p>\n<p>&nbsp;<\/p>\n<p>Que se sepa, en ning\u00fan lugar\u00a0 de la Pen\u00ednsula ib\u00e9rica, ancha y variopinta, se celebra un festejo de este cariz. Porque en este municipio, emporio del chorizo y la morcilla, am\u00e9n de otros bocados deliciosos provenientes del cerdo, ese animal tozudo y hozador del que se dice que gustan hasta los andares, decidi\u00f3 va ya para una treintena de a\u00f1os atr\u00e1s, homenajear al tren.<\/p>\n<p>El pueblo est\u00e1 unido como si de un ap\u00e9ndice umbilical se tratase a la estaci\u00f3n de Renfe, a la que se llega, ya por carretera, ya por una senda que serpentea entre rocas y olivares, y que recoge una antigua cancioncilla que habla de la idiosincrasia del pueblo (\u201cPor el caminito del R\u00edo va la moza, con pasitos cortos, pero ligera\u2026\u201d) en un tiempo que no va m\u00e1s all\u00e1 del cuarto de hora.<\/p>\n<p>La l\u00ednea f\u00e9rrea que une Algeciras con Bobadilla y M\u00e1laga que data de los inicios del pasado siglo va desde entonces hilvanando entre s\u00ed peque\u00f1os pueblos con escasa densidad de poblaci\u00f3n que vivi\u00f3 como un milagro que el tren transcurriese entre sus t\u00e9rminos municipales con lo que ello comportaba para la movilidad de sus habitantes y menguadas econom\u00edas.<\/p>\n<p>El municipio de Benaoj\u00e1n quiso agradecer su paso por el territorio que vino a solventar una necesidad de transportar la mercanc\u00eda de sus incipientes f\u00e1bricas de embutidos a lejanos destinos cuando los medios de transportes por carreteras comarcales no lo facilitaban por su ausencia o imposibles trazados. Y surgi\u00f3 la Verbena del Tren, siempre bien acogida por propios y extra\u00f1os.<\/p>\n<p>Son dos d\u00edas de jolgorio y cuchipanda, bailes y atracciones verbeneras continuadas los que ocupar\u00e1n el s\u00e1bado 29 y domingo 30, junto a un lugar ins\u00f3lito: los ra\u00edles del tren en cuyo honor se monta cada a\u00f1o el festejo. Orquestas y atracciones a tutipl\u00e9n amenizar\u00e1n la verbena hasta que \u201cel cuerpo aguante\u201d, que dicen los del lugar.<\/p>\n<p>Y si el calor le atosiga mediado el d\u00eda\u00a0 siempre tiene la oportunidad de arribar paso a paso (o en coche si lo prefiere) por un camino poblado de adelfas y vetustos\u00a0 encinares hasta la Cueva del Gato, ese lugar id\u00edlico enclavado a muy poca distancia del lugar del festejo, prodigio de la piedra festoneada por la Naturaleza y el paso incesante de las aguas desatadas del r\u00edo Gaudares o Campobuche que al hermano mayor, el Guadiaro,\u00a0 vienen a morir en fraternal abrazo, sellando \u00a0amistad indeleble con el pueblo de Montejaque (Cueva del Hudidero), que desde este singular pueblo serrano proceden atravesando subterr\u00e1neos y parajes de sombras reinantes en laber\u00edntico recovecos y fosas que sobrecogen el \u00e1nimo.\u00a0 \u00a0Aqu\u00ed, en la desembocadura de las fr\u00edas aguas podr\u00e1 mitigar el calor reinante con un ba\u00f1o prolongado en el llamado \u201cCharco Azul\u201d, cuyas losas\u00a0 del fondo se observan a simple vista dado lo cristalino y turgente del fondo del l\u00edquido elemento all\u00ed remansado.<\/p>\n<p>Los trenes, todos y cada uno de los que en estos dos d\u00edas de bulla y agitaci\u00f3n se vive junto a su paso,\u00a0 no tienen por menos que saludar y agradecer con prolongados pitidos tan singular festejo en su honor.<\/p>\n<p>\u2026\u2026\u2026\u2026\u2026<\/p>\n","protected":false},"excerpt":{"rendered":"<p>&nbsp; La ins\u00f3lita Verbena del Tren en Benaoj\u00e1n &nbsp; JOS\u00c9 BECERRA &nbsp; Que se sepa, en ning\u00fan lugar\u00a0 de la Pen\u00ednsula ib\u00e9rica, ancha y variopinta, se celebra un festejo de este cariz. Porque en este municipio, emporio del chorizo y la morcilla, am\u00e9n de otros bocados deliciosos provenientes del cerdo, ese animal tozudo y hozador [&hellip;]<\/p>\n","protected":false},"author":27495,"featured_media":0,"comment_status":"open","ping_status":"open","sticky":false,"template":"","format":"standard","meta":[],"categories":[3,8,17],"tags":[136,645,1058],"_links":{"self":[{"href":"https:\/\/blogs.diariosur.es\/avuelapluma\/wp-json\/wp\/v2\/posts\/2994"}],"collection":[{"href":"https:\/\/blogs.diariosur.es\/avuelapluma\/wp-json\/wp\/v2\/posts"}],"about":[{"href":"https:\/\/blogs.diariosur.es\/avuelapluma\/wp-json\/wp\/v2\/types\/post"}],"author":[{"embeddable":true,"href":"https:\/\/blogs.diariosur.es\/avuelapluma\/wp-json\/wp\/v2\/users\/27495"}],"replies":[{"embeddable":true,"href":"https:\/\/blogs.diariosur.es\/avuelapluma\/wp-json\/wp\/v2\/comments?post=2994"}],"version-history":[{"count":0,"href":"https:\/\/blogs.diariosur.es\/avuelapluma\/wp-json\/wp\/v2\/posts\/2994\/revisions"}],"wp:attachment":[{"href":"https:\/\/blogs.diariosur.es\/avuelapluma\/wp-json\/wp\/v2\/media?parent=2994"}],"wp:term":[{"taxonomy":"category","embeddable":true,"href":"https:\/\/blogs.diariosur.es\/avuelapluma\/wp-json\/wp\/v2\/categories?post=2994"},{"taxonomy":"post_tag","embeddable":true,"href":"https:\/\/blogs.diariosur.es\/avuelapluma\/wp-json\/wp\/v2\/tags?post=2994"}],"curies":[{"name":"wp","href":"https:\/\/api.w.org\/{rel}","templated":true}]}}