{"id":2995,"date":"2017-07-31T10:16:51","date_gmt":"2017-07-31T08:16:51","guid":{"rendered":"http:\/\/blogs.diariosur.es\/avuelapluma\/?p=2995"},"modified":"2017-07-31T10:16:51","modified_gmt":"2017-07-31T08:16:51","slug":"la-diputacion-tiende-la-mano-a-la-cueva-del-gato","status":"publish","type":"post","link":"https:\/\/blogs.diariosur.es\/avuelapluma\/2017\/07\/31\/la-diputacion-tiende-la-mano-a-la-cueva-del-gato\/","title":{"rendered":"La Diputaci\u00f3n tiende la mano a la Cueva del Gato"},"content":{"rendered":"<p><img loading=\"lazy\" title=\"Ver imagen de origen\" src=\"\/\/www.laserranianatural.com\/wp-content\/uploads\/2007\/12\/foto-cueva-gato-blog.jpg\" alt=\"Resultado de imagen de fotos de LAS PASARELAS DE LA CUEVA DEL GATO\" width=\"600\" height=\"801\" data-bm=\"61\" \/><\/p>\n<p>&nbsp;<\/p>\n<p><strong>La Diputaci\u00f3n tiende la mano a la Cueva del Gato<\/strong><\/p>\n<p><strong>JOS\u00c9 BECERRA<\/strong><\/p>\n<p><strong>En contra de las opiniones vertidas por los pol\u00edticos malague\u00f1os opositores al Partido Popular y en concreto hacia la persona del Presidente de la Diputaci\u00f3n, El\u00edas Bendodo, en las que le ponen a caldo, que decimos por estos lares de la Serran\u00eda de Ronda, y le acusan de atender m\u00e1s a su soterrada batalla de sustituir a Francisco de la Torre\u00a0 en la Alcald\u00eda de M\u00e1laga que a los problemas que ata\u00f1en a la provincia, obligado es decir que en lo que toca a Ronda y su comarca en contadas ocasiones hizo o\u00eddos sordos a sus demandas urgentes.\u00a0\u00a0\u00a0\u00a0\u00a0\u00a0\u00a0\u00a0\u00a0\u00a0 <\/strong><\/p>\n<p><strong>\u00a0\u00a0 Como muestra un bot\u00f3n: la entidad supramunicipal malague\u00f1a acaba de redactar el proyecto de la nueva pasarela que har\u00e1 posible un acceso m\u00e1s seguro y vistoso a esa joya paisaj\u00edstica y natural que adorna uno de los parajes m\u00e1s caracter\u00edsticos de Benaoj\u00e1n, el pueblo chacinero por excelencia de la provincia. Nada menos que 200.000 euros vendr\u00e1n a parar al Consistorio benaojano para poner en pie el nuevo puente sobre el r\u00edo Guadiaro que vendr\u00e1 a sustituir al antiguo que ya se resent\u00eda por su antig\u00fcedad y que permitir\u00e1 un m\u00e1s apropiado acercamiento a tan emblem\u00e1tico lugar. Desde la carretera de Ronda la nueva estructura de madera laminada sobre cuatro zapatas de hormig\u00f3n armado y pilares correspondientes garantizar\u00e1n la seguridad del obligado paso.<\/strong><\/p>\n<p><strong>\u00a0\u00a0 El objetivo no es otro que tan peculiar rinc\u00f3n \u2013 un oasis en el sequeral que le rodea &#8211; recupere en su forma pr\u00edstina los atributos que le hicieron merecer la admiraci\u00f3n de propios y extra\u00f1os. Para ello se limpiar\u00e1 a conciencia el fondo del cauce sin olvidar la remodelaci\u00f3n del entorno paisaj\u00edstico que lo envuelve. En suma, tratar como se merece un lugar id\u00edlico, regalo magn\u00e1nimo de la Naturaleza que en sus inescrutables designios decidi\u00f3 volcarse en favor de este rinc\u00f3n, milagro de la piedra tallada Dios sabe porque manos ocultas a trav\u00e9s de los siglos y las limpias aguas vomitadas por la espelunca a sus pies.<\/strong><\/p>\n<p><strong>\u00a0\u00a0 Como no pod\u00eda ser de otra forma, la alcaldesa de Benaoj\u00e1n, Soraya Garc\u00eda, ha mostrado su contento por esta actuaci\u00f3n inminente de la Diputaci\u00f3n en la demarcaci\u00f3n cuyo Consistorio comanda. Satisfacci\u00f3n que no es sino reflejo del sentir ciudadano al cuajar el proyecto, rubricado por la Delegaci\u00f3n del Gobierno de la Junta de Andaluc\u00eda en M\u00e1laga, lo que habla de su pronta realizaci\u00f3n.<\/strong><\/p>\n<p><strong>\u00a0\u00a0 \u00a0<\/strong><\/p>\n","protected":false},"excerpt":{"rendered":"<p>&nbsp; La Diputaci\u00f3n tiende la mano a la Cueva del Gato JOS\u00c9 BECERRA En contra de las opiniones vertidas por los pol\u00edticos malague\u00f1os opositores al Partido Popular y en concreto hacia la persona del Presidente de la Diputaci\u00f3n, El\u00edas Bendodo, en las que le ponen a caldo, que decimos por estos lares de la Serran\u00eda [&hellip;]<\/p>\n","protected":false},"author":27495,"featured_media":0,"comment_status":"open","ping_status":"open","sticky":false,"template":"","format":"standard","meta":[],"categories":[3,11,17],"tags":[136,310,368],"_links":{"self":[{"href":"https:\/\/blogs.diariosur.es\/avuelapluma\/wp-json\/wp\/v2\/posts\/2995"}],"collection":[{"href":"https:\/\/blogs.diariosur.es\/avuelapluma\/wp-json\/wp\/v2\/posts"}],"about":[{"href":"https:\/\/blogs.diariosur.es\/avuelapluma\/wp-json\/wp\/v2\/types\/post"}],"author":[{"embeddable":true,"href":"https:\/\/blogs.diariosur.es\/avuelapluma\/wp-json\/wp\/v2\/users\/27495"}],"replies":[{"embeddable":true,"href":"https:\/\/blogs.diariosur.es\/avuelapluma\/wp-json\/wp\/v2\/comments?post=2995"}],"version-history":[{"count":0,"href":"https:\/\/blogs.diariosur.es\/avuelapluma\/wp-json\/wp\/v2\/posts\/2995\/revisions"}],"wp:attachment":[{"href":"https:\/\/blogs.diariosur.es\/avuelapluma\/wp-json\/wp\/v2\/media?parent=2995"}],"wp:term":[{"taxonomy":"category","embeddable":true,"href":"https:\/\/blogs.diariosur.es\/avuelapluma\/wp-json\/wp\/v2\/categories?post=2995"},{"taxonomy":"post_tag","embeddable":true,"href":"https:\/\/blogs.diariosur.es\/avuelapluma\/wp-json\/wp\/v2\/tags?post=2995"}],"curies":[{"name":"wp","href":"https:\/\/api.w.org\/{rel}","templated":true}]}}