{"id":2999,"date":"2017-08-04T10:19:16","date_gmt":"2017-08-04T08:19:16","guid":{"rendered":"http:\/\/blogs.diariosur.es\/avuelapluma\/?p=2999"},"modified":"2017-08-04T10:19:16","modified_gmt":"2017-08-04T08:19:16","slug":"galopante-cambio-de-clima","status":"publish","type":"post","link":"https:\/\/blogs.diariosur.es\/avuelapluma\/2017\/08\/04\/galopante-cambio-de-clima\/","title":{"rendered":"Galopante cambio de clima"},"content":{"rendered":"<p><img title=\"Grazalema\" src=\"https:\/\/www.mantasdegrazalema.com\/modules\/leomanagewidgets\/grazalema.jpg\" alt=\"Grazalema\" \/><\/p>\n<p>&nbsp;<\/p>\n<p><strong>Galopante cambio de clima <\/strong><\/p>\n<p><strong>JOS\u00c9 BECERRA<\/strong><\/p>\n<p><strong>Las im\u00e1genes que nos ofrecieron d\u00edas atr\u00e1s los medios de comunicaci\u00f3n sobre el pavoroso incendio de Portugal, al que ha seguido el no menos voraz de Do\u00f1ana, ya en nuestro suelo hispano, ha propiciado que suenen las alarmas sobre el peligro que en este verano se cierne\u00a0 sobre el suelo patrio dado la penuria de lluvias que soportamos y las carencias que esta escasez, m\u00e1s acusada cada d\u00eda, padecen\u00a0 nuestros r\u00edos, exang\u00fces y sin vida. Las deseadas lluvias cuando nos visitan obedecen a tormentas que nos traen el l\u00edquido elemento, s\u00ed, pero de manera borrascosa tal que se pierden sin apenas provecho.<\/strong><\/p>\n<p><strong>\u00a0\u00a0\u00a0 Se habla entre los entendidos de cambio de ciclos, es lo que dicen algunos; otros van m\u00e1s all\u00e1 y apuntan a un calentamiento del Planeta con imprevisibles consecuencias. El deshielo de los Polos es,\u00a0 por ejemplo, un hecho incontrovertible y claro aviso a navegantes, nunca mejor empleada la expresi\u00f3n.<\/strong><\/p>\n<p><strong>\u00a0\u00a0 A nadie con dos dedos de frente se le escapa que Espa\u00f1a carece de pantanos suficientes y que los acu\u00edferos existentes se cuiden como un don precioso y evitar que las aguas graciosamente recibidas cuando la atm\u00f3sfera se muestra pr\u00f3diga en lluvias vayan a parar al mar, que maldita la falta que le hace o se pierdan por caminos insondables en la profundidad de la tierra. \u00bfPor qu\u00e9 nuestros pol\u00edticos, a ratos si mal no viene, no se ocupan de este problema candente en vez de enfrentarse\u00a0\u00a0 en peleas que nada nos reportan a la mayor\u00eda de los mortales? Urge un Plan Hidrol\u00f3gico Nacional en la que participen adem\u00e1s de las Administraciones p\u00fablicas, que tambi\u00e9n, la sociedad civil incidiendo en la necesidad urgente del desarrollo de Planes Hidrol\u00f3gicos de cuenca que hasta ahora brillan por su ausencia o son insuficientes.<\/strong><\/p>\n<p><strong>\u00a0\u00a0\u00a0 Las sierras de Grazalema, arriscadas\u00a0 y multiformes a tenor de un historial geol\u00f3gico convulso, cabalgan sobre las provincias de M\u00e1laga y C\u00e1diz y nos dejaron para asombro de la posteridad, adem\u00e1s de sus desafiantes alturas que horadan el cielo,\u00a0 simas, angusturas y grutas como la espectacular Cueva del Gato benaojana, que destaca por su extensi\u00f3n l\u00f3brega, la de mayor de\u00a0 Andaluc\u00eda, por la inmensa\u00a0 poblaci\u00f3n de murci\u00e9lagos que la escogieron desde la noche obscura de los tiempos para hibernar en ella. <\/strong><\/p>\n<p><strong>\u00a0\u00a0\u00a0 El cambio de clima que ha perece haber sentado sus reales en el ancho solar andaluz se retrasa en las sierras de Grazalema a tenor de las lluvias que recibe a lo largo del a\u00f1o. Desde aqu\u00ed, contempl\u00e1ndolas en la lejan\u00eda, agradeciendo sus lluvias que nunca nos abandonaron del todo me vienen a la mente los versos de Garc\u00eda Lorca sobre el l\u00edquido elemento que se nos muestra remiso por mor de un clima que parece cambiar de forma galopante:<\/strong><\/p>\n<p>Es un besar azul que recibe la Tierra,<br \/>\nel mito primitivo que vuelve a realizarse.<br \/>\nEl contacto ya fr\u00edo de cielo y tierra viejos<br \/>\ncon una mansedumbre de atardecer constante.<\/p>\n<p>Es la aurora del fruto. La que nos trae las flores<br \/>\ny nos unge de esp\u00edritu santo de los mares.<br \/>\nLa que derrama vida sobre las sementeras<br \/>\ny en el alma tristeza de lo que no se sabe.<\/p>\n<p>\u00a1Oh lluvia silenciosa, sin tormentas ni vientos,<br \/>\nlluvia mansa y serena de esquila y luz suave,<br \/>\nlluvia buena y pacifica que eres la verdadera,<br \/>\nla que llorosa y triste sobre las cosas caes!<\/p>\n<p><strong>\u00a0<\/strong><\/p>\n<p>&nbsp;<\/p>\n","protected":false},"excerpt":{"rendered":"<p>&nbsp; Galopante cambio de clima JOS\u00c9 BECERRA Las im\u00e1genes que nos ofrecieron d\u00edas atr\u00e1s los medios de comunicaci\u00f3n sobre el pavoroso incendio de Portugal, al que ha seguido el no menos voraz de Do\u00f1ana, ya en nuestro suelo hispano, ha propiciado que suenen las alarmas sobre el peligro que en este verano se cierne\u00a0 sobre [&hellip;]<\/p>\n","protected":false},"author":27495,"featured_media":0,"comment_status":"open","ping_status":"open","sticky":false,"template":"","format":"standard","meta":[],"categories":[3,17],"tags":[634,645,958],"_links":{"self":[{"href":"https:\/\/blogs.diariosur.es\/avuelapluma\/wp-json\/wp\/v2\/posts\/2999"}],"collection":[{"href":"https:\/\/blogs.diariosur.es\/avuelapluma\/wp-json\/wp\/v2\/posts"}],"about":[{"href":"https:\/\/blogs.diariosur.es\/avuelapluma\/wp-json\/wp\/v2\/types\/post"}],"author":[{"embeddable":true,"href":"https:\/\/blogs.diariosur.es\/avuelapluma\/wp-json\/wp\/v2\/users\/27495"}],"replies":[{"embeddable":true,"href":"https:\/\/blogs.diariosur.es\/avuelapluma\/wp-json\/wp\/v2\/comments?post=2999"}],"version-history":[{"count":0,"href":"https:\/\/blogs.diariosur.es\/avuelapluma\/wp-json\/wp\/v2\/posts\/2999\/revisions"}],"wp:attachment":[{"href":"https:\/\/blogs.diariosur.es\/avuelapluma\/wp-json\/wp\/v2\/media?parent=2999"}],"wp:term":[{"taxonomy":"category","embeddable":true,"href":"https:\/\/blogs.diariosur.es\/avuelapluma\/wp-json\/wp\/v2\/categories?post=2999"},{"taxonomy":"post_tag","embeddable":true,"href":"https:\/\/blogs.diariosur.es\/avuelapluma\/wp-json\/wp\/v2\/tags?post=2999"}],"curies":[{"name":"wp","href":"https:\/\/api.w.org\/{rel}","templated":true}]}}