{"id":3012,"date":"2017-08-23T10:20:50","date_gmt":"2017-08-23T08:20:50","guid":{"rendered":"http:\/\/blogs.diariosur.es\/avuelapluma\/?p=3012"},"modified":"2018-01-03T09:33:42","modified_gmt":"2018-01-03T08:33:42","slug":"patios-de-los-pueblos-de-la-serrania","status":"publish","type":"post","link":"https:\/\/blogs.diariosur.es\/avuelapluma\/2017\/08\/23\/patios-de-los-pueblos-de-la-serrania\/","title":{"rendered":"Patios de los pueblos de la Serran\u00eda"},"content":{"rendered":"<p><img loading=\"lazy\" title=\"Ver imagen de origen\" src=\"https:\/\/jardinplantas.com\/wp-content\/2011\/06\/decorar-patio-28.jpg\" alt=\"Resultado de imagen de IMAGENES DE PATIOS DE CASAS\" width=\"669\" height=\"496\" data-bm=\"12\" \/><\/p>\n<p>&nbsp;<\/p>\n<p>Patios de los pueblos de la Serran\u00eda<\/p>\n<p>JOS\u00c9 BECERRA<\/p>\n<p>En estas noches de agobio nocturno se acuerda uno de los patios de los pueblos serranos. Era lugar tiempos atr\u00e1s de reuni\u00f3n familiar, sobre a la consunci\u00f3n del d\u00eda, despu\u00e9s de la cena. Se habla en ellos de lo divino y lo humano; los novios\u00a0expresaban all\u00ed\u00a0sus cuitas, y el ama de casa se arrellanaba en el mejor lugar, una vez \u00a0finalizada las faenas hogare\u00f1as.<\/p>\n<p>Ya no es tarea f\u00e1cil encontrar patios en los pueblos del interior; fueron desapareciendo a medida que fue creciendo la construcci\u00f3n de nuevas viviendas que, para ganar espacio, los fueron obviando, como si este lugar al aire libre no fuera tan necesario para el disfrute de sus habitantes como otros habit\u00e1culos del hogar, caso del mismo dormitorio, pongo por caso, o la cocina.<\/p>\n<p>\u201cEl patio de mi casa era particular, cuando llueve mucho se moja la mitad\u2026\u201d, dice la cancioncilla infantil, un soniquete pegajoso que muy bien podr\u00eda aplicarse al patio de mi vivienda en mi Benaoj\u00e1n natal, a dos pasos de Ronda e inmerso en la imponente Serran\u00eda que lo acoge amorosamente, \u201centre pe\u00f1as escondido\u201d. Y es que mi patio, semicubierto con techumbre de deslucidas tejas morunas, quedaba por su mitad descubierto a las inclemencias invernales ,pero tambi\u00e9n a la bondad refrescante de las tardes y noches veraniegas.<\/p>\n<p>Configuraci\u00f3n que respond\u00eda en esencia a la arquitectura romana, basada en el <em>impluvium y el peristylum<\/em>, mejorados con el paso de los siglos,incluyendo el per\u00edodo hispano-musulm\u00e1n. Como se sabe, imper\u00f3 en la comarca a partir del siglo VIII, cuando la tropas del Califato Omeya,compuestas por \u00e1rabes y bereberes cruzaron el estrecho de Gibraltar, bajo el mandato de Tarik, y aqu\u00ed se instalaron nada menos que hasta el siglo XV. Se hab\u00eda formado el estado andalus\u00ed,o sea, el Al-Andalus de los cronicones medievales. Y de su influencia vivieron estos lares por luengos tiempos, y de su arquitectura bebieron los pueblos que posteriormente fueron levant\u00e1ndose en el entorno conquistado.<\/p>\n<p>Las casas antiguas de la Serran\u00eda de Ronda, naturalmente, no responden ya al arquetipo \u00e1rabe,pero si influencia no se borr\u00f3 del todo en aqu\u00e9lla. De ah\u00ed el predominio de patios que permit\u00edan iluminar las estancias interiores que no dispon\u00edan de ventanas a la calle y que siguen fueron una constante en el dise\u00f1o de las viviendas de aquellas otras \u00e9pocas, las cuales siguen en pie desafiando los avatares del tiempo.<\/p>\n<p>\u00a1Ay, mi patio! en \u00e9l que transcurrieron muchas horas de mi vida! Puedo decir, emulando al poeta Antonio Machado (\u00e9l hablaba de su Sevilla, que yo cambio por mi pueblo): \u201cMi infancia son recuerdos de un patio de Benaoj\u00e1n, y un huerto claro donde madura el limonero\u2026\u201d. Porque el limonero nunca faltaba, o la palmera que proporcionaba un toque ex\u00f3tico al patio retrotrayendo a sus moradores a climas tropicales.<\/p>\n<p>Mi patio era m\u00e1s peque\u00f1o,pero con el suficiente espacio para que fuese objeto de predilecci\u00f3n de los moradores de la casa. Junto al est\u00edpite o tronco de una palmera mi madre dispuso de una ingente cantidad de macetas con flores que crec\u00edan ub\u00e9rrimas: geranios, hortensias, claveles\u2026, todas aclimatadas a la semi-sombra y maternalmente acogidas por el ramaje escaso pero suficiente de la palmera, due\u00f1a absoluta del reducido espacio. Exhalaban suaves fragancias que se hac\u00edan m\u00e1s ostensibles al caer el sol cuando recib\u00edan el riego ben\u00e9fico que las manten\u00eda vivas y plet\u00f3ricas en el amalgama de colores de p\u00e9talos aterciopelados y rutilantes.<\/p>\n<p>En los patios del interior de M\u00e1laga viv\u00edan sus mejores momentos en las noches del verano. Hacia ellos volv\u00edan las miradas los moradores de las casas bien para cenar en ellos, bien para all\u00ed permanecer hasta altas horas de la madrugada, cuando el sue\u00f1o rend\u00eda y se desalojaba quedando silencioso y mustio. En el aire relatos de sucedidos y acontecimientos felices de la familia, los cuales segu\u00eda alegre o cariacontecido, a tenor de las palabras que hac\u00edan mella en mi sentir o resbalaban inaccesibles por mis o\u00eddos.<\/p>\n<p>\u00a1Cu\u00e1ntas noches me he despertado por el golpear furioso de agua sobre las baldosas! O por el cantar lastimoso del jilguero de mi padre, que reclamaba su raci\u00f3n de alpiste en su jaula colgada de uno da las ramas de la gr\u00e1cil palmera del patio\u2026<\/p>\n<p>Ya no hay lugar en las nuevas edificaciones para el patio que fue centro familiar de nuestros mayores. Lo sustituyeron las terrazas, uniformes y amaneradas con vistas a la calle y, por ende, sin la menor intimidad. Aposentado en una de ellas, recuerdo el m\u00edo con nostalgia: fue uno de los alicientes de mi vida que el paso del tiempo,irrevocablemente, se empe\u00f1a en hac\u00e9rmelo olvidar sin conseguirlo del todo.<\/p>\n<p>&nbsp;<\/p>\n<p>&#8230;&#8230;&#8230;&#8230;&#8230;&#8230;&#8230;&#8230;&#8230;&#8230;&#8230;&#8230;&#8230;<\/p>\n<p>No soy autor de la foto<\/p>\n","protected":false},"excerpt":{"rendered":"<p>&nbsp; Patios de los pueblos de la Serran\u00eda JOS\u00c9 BECERRA En estas noches de agobio nocturno se acuerda uno de los patios de los pueblos serranos. Era lugar tiempos atr\u00e1s de reuni\u00f3n familiar, sobre a la consunci\u00f3n del d\u00eda, despu\u00e9s de la cena. Se habla en ellos de lo divino y lo humano; los novios\u00a0expresaban [&hellip;]<\/p>\n","protected":false},"author":27495,"featured_media":0,"comment_status":"open","ping_status":"open","sticky":false,"template":"","format":"standard","meta":[],"categories":[3,21],"tags":[789,958],"_links":{"self":[{"href":"https:\/\/blogs.diariosur.es\/avuelapluma\/wp-json\/wp\/v2\/posts\/3012"}],"collection":[{"href":"https:\/\/blogs.diariosur.es\/avuelapluma\/wp-json\/wp\/v2\/posts"}],"about":[{"href":"https:\/\/blogs.diariosur.es\/avuelapluma\/wp-json\/wp\/v2\/types\/post"}],"author":[{"embeddable":true,"href":"https:\/\/blogs.diariosur.es\/avuelapluma\/wp-json\/wp\/v2\/users\/27495"}],"replies":[{"embeddable":true,"href":"https:\/\/blogs.diariosur.es\/avuelapluma\/wp-json\/wp\/v2\/comments?post=3012"}],"version-history":[{"count":1,"href":"https:\/\/blogs.diariosur.es\/avuelapluma\/wp-json\/wp\/v2\/posts\/3012\/revisions"}],"predecessor-version":[{"id":3059,"href":"https:\/\/blogs.diariosur.es\/avuelapluma\/wp-json\/wp\/v2\/posts\/3012\/revisions\/3059"}],"wp:attachment":[{"href":"https:\/\/blogs.diariosur.es\/avuelapluma\/wp-json\/wp\/v2\/media?parent=3012"}],"wp:term":[{"taxonomy":"category","embeddable":true,"href":"https:\/\/blogs.diariosur.es\/avuelapluma\/wp-json\/wp\/v2\/categories?post=3012"},{"taxonomy":"post_tag","embeddable":true,"href":"https:\/\/blogs.diariosur.es\/avuelapluma\/wp-json\/wp\/v2\/tags?post=3012"}],"curies":[{"name":"wp","href":"https:\/\/api.w.org\/{rel}","templated":true}]}}