{"id":3032,"date":"2017-10-27T09:51:25","date_gmt":"2017-10-27T07:51:25","guid":{"rendered":"http:\/\/blogs.diariosur.es\/avuelapluma\/?p=3032"},"modified":"2017-10-27T09:51:25","modified_gmt":"2017-10-27T07:51:25","slug":"benaojan-entre-penas-escondidos","status":"publish","type":"post","link":"https:\/\/blogs.diariosur.es\/avuelapluma\/2017\/10\/27\/benaojan-entre-penas-escondidos\/","title":{"rendered":"Benaojan, entre pe\u00f1as escondidos\u2026"},"content":{"rendered":"<p><img src=\"\/\/static3.diariosur.es\/www\/multimedia\/201710\/18\/media\/roca.jpg\" \/><\/p>\n<p><span style=\"font-family: 'Arial Black',sans-serif,serif,'EmojiFont'; font-size: 14pt;\">\u00a0<\/span><\/p>\n<p>Benaojan, entre pe\u00f1as escondidos\u2026<\/p>\n<p>JOS\u00c9 BECERRA<\/p>\n<p>D\u00edas atr\u00e1s fue noticia el desprendimiento desde la Sierra de Juan Diego- tel\u00f3n de fondo p\u00e9treo de Benaoj\u00e1n-\u00a0 una roca de considerables dimensiones que vino a desembocar, presumiblemente con gran estrepito, en medio de la carretera que une\u00a0 entre s\u00ed a este pueblo de la Serran\u00eda de Ronda con Jimera de L\u00edbar, en las cercan\u00edas de la famosa cueva de la Pileta, un tesoro prehist\u00f3rico, por m\u00e1s se\u00f1as. No es la primera vez que sucesos de estas\u00a0 caracter\u00edsticas se producen en las inmediaciones de Benaoj\u00e1n, o incluso impactando con las casas de su interior, afortunadamente ahora sin que hayan producido da\u00f1os a sus habitantes.<\/p>\n<p>Es lo que ocurre en los pueblos en los que pe\u00f1as, quebraduras y pin\u00e1culos que al cielo parecen horadar sirven de tel\u00f3n p\u00e9treo\u00a0 de fondo a las casas que a sus cobijos\u00a0 se acogen no sin temor y recelo de sus moradores, pese a que bajo su imagen ven transcurrir su existencia. Me viene a la memoria una coplilla que en uno de estos pueblos a\u00fan se tararea porque los riscos forman sus se\u00f1as de identidad m\u00e1s conspicuas. \u201cBenaoj\u00e1n, entre pe\u00f1as escondido, la Pileta es tu nido, monumento nacional\u2026\u201d Efectivamente, la piedra desnuda, las cumbres inaccesibles y brumosas en la lejan\u00eda, las agujas que\u00a0 taladrar el cielo parecen, son una constante en Benaoj\u00e1n desde los m\u00e1s alejados y obscuros tiempos de su historia. Y claro, ocurre lo que ocurre: grandes bloques de piedra, desencajados de su n\u00facleo vienen a parar a las inmediaciones del pueblo cuando no, como digo,\u00a0 impactan directa y peligrosamente en\u00a0 las casas.<\/p>\n<p>Ocurri\u00f3 en 1947, un enorme bloque de granito sobrevol\u00f3 un par de casas del pueblo, para venir a alojarse en los bajos de una casa, en cuya parte superior dorm\u00eda tranquilamente Ram\u00f3n la Estanquera, que as\u00ed se le conoc\u00eda en Benaoj\u00e1n y que milagrosamente result\u00f3 ileso de la terrible acometida. El suceso ocup\u00f3 la portada del diario SUR de entonces; como lo hizo a\u00f1os despu\u00e9s \u2013 1967 \u2013 cuando otro bloque gran\u00edtico impacto sobre la techumbre de una de las muchas f\u00e1bricas chacineras de la localidad, milagrosamente en la hora del medio d\u00eda en la que los operarios aprovechaban para el almuerzo: otro portento que permanece inc\u00f3lume en la memoria de los benaojanos que ya peinan canas.<\/p>\n<p>Quienes visitan el pueblo de manera ocasional se maravillan de la belleza monumental del anfiteatro p\u00e9treo que\u00a0 lo circunda y que son sus se\u00f1as de identidad m\u00e1s significativas y recelan, al mismo tiempo de la proximidad de las rocas. Algo que a los vecinos del pueblo no les causa el menor temor, quiz\u00e1s acostumbrados a su proximidad: est\u00e1n familiarizados con ellas y con su proximidad conviven sin el menor recelo.<\/p>\n<p><span style=\"font-family: 'Arial Black',sans-serif,serif,'EmojiFont'; font-size: 14pt;\">Foto de J. Bull\u00f3n y Vanesa Melgar<\/span><\/p>\n<p>&nbsp;<\/p>\n","protected":false},"excerpt":{"rendered":"<p>\u00a0 Benaojan, entre pe\u00f1as escondidos\u2026 JOS\u00c9 BECERRA D\u00edas atr\u00e1s fue noticia el desprendimiento desde la Sierra de Juan Diego- tel\u00f3n de fondo p\u00e9treo de Benaoj\u00e1n-\u00a0 una roca de considerables dimensiones que vino a desembocar, presumiblemente con gran estrepito, en medio de la carretera que une\u00a0 entre s\u00ed a este pueblo de la Serran\u00eda de Ronda [&hellip;]<\/p>\n","protected":false},"author":27495,"featured_media":0,"comment_status":"open","ping_status":"closed","sticky":false,"template":"","format":"standard","meta":[],"categories":[3,8,21],"tags":[136,1083],"_links":{"self":[{"href":"https:\/\/blogs.diariosur.es\/avuelapluma\/wp-json\/wp\/v2\/posts\/3032"}],"collection":[{"href":"https:\/\/blogs.diariosur.es\/avuelapluma\/wp-json\/wp\/v2\/posts"}],"about":[{"href":"https:\/\/blogs.diariosur.es\/avuelapluma\/wp-json\/wp\/v2\/types\/post"}],"author":[{"embeddable":true,"href":"https:\/\/blogs.diariosur.es\/avuelapluma\/wp-json\/wp\/v2\/users\/27495"}],"replies":[{"embeddable":true,"href":"https:\/\/blogs.diariosur.es\/avuelapluma\/wp-json\/wp\/v2\/comments?post=3032"}],"version-history":[{"count":1,"href":"https:\/\/blogs.diariosur.es\/avuelapluma\/wp-json\/wp\/v2\/posts\/3032\/revisions"}],"predecessor-version":[{"id":3033,"href":"https:\/\/blogs.diariosur.es\/avuelapluma\/wp-json\/wp\/v2\/posts\/3032\/revisions\/3033"}],"wp:attachment":[{"href":"https:\/\/blogs.diariosur.es\/avuelapluma\/wp-json\/wp\/v2\/media?parent=3032"}],"wp:term":[{"taxonomy":"category","embeddable":true,"href":"https:\/\/blogs.diariosur.es\/avuelapluma\/wp-json\/wp\/v2\/categories?post=3032"},{"taxonomy":"post_tag","embeddable":true,"href":"https:\/\/blogs.diariosur.es\/avuelapluma\/wp-json\/wp\/v2\/tags?post=3032"}],"curies":[{"name":"wp","href":"https:\/\/api.w.org\/{rel}","templated":true}]}}