{"id":3034,"date":"2017-10-30T13:17:28","date_gmt":"2017-10-30T12:17:28","guid":{"rendered":"http:\/\/blogs.diariosur.es\/avuelapluma\/?p=3034"},"modified":"2017-10-30T13:17:28","modified_gmt":"2017-10-30T12:17:28","slug":"dia-aciago","status":"publish","type":"post","link":"https:\/\/blogs.diariosur.es\/avuelapluma\/2017\/10\/30\/dia-aciago\/","title":{"rendered":"D\u00eda aciago"},"content":{"rendered":"<p>D\u00eda aciago<\/p>\n<p>JOS\u00c9 BECERRA<\/p>\n<p>Cuando una parte del cuerpo humano padece una afecci\u00f3n, no digamos una amputaci\u00f3n, el dolor se generaliza con mayor o menor intensidad en todo el organismo. Ocurre lo mismo cuando este estado catat\u00f3nico lo experimenta toda una naci\u00f3n al corroerse por el delirio enfermizo de una parte lacerada que indubitablemente viene a trastocar su corporeidad total, considerada \u00e9sta como la integraci\u00f3n de m\u00faltiples factores constituyentes de una entidad \u00fanica, entre los que no son los menos importantes los que ata\u00f1en a principios afectivos, sociales o an\u00edmicos. Son los que se materializaron el viernes pasado en Catalu\u00f1a y que vinieron a atentar con alevos\u00eda contra las normas democr\u00e1ticas que en su d\u00eda se recogieron en el corpus legislativo de la naci\u00f3n, para asombro y pesar del resto de los espa\u00f1olitos de a pie.<\/p>\n<p>Pero afortunadamente, ante tama\u00f1a desfachatez de quienes proclamaron sin ambages la rep\u00fablica catalana salt\u00e1ndose a la torera la Constituci\u00f3n que en su d\u00eda nos dimos, se ha erigido el imperio de la Ley recurri\u00e9ndose a ese art\u00edculo 155, que en estos d\u00edas viene adquiriendo especial relevancia y que el presidente Rajoy acaba de poner en marcha con rotundidad y sin dilaci\u00f3n contra los amotinados que amenazan con subvertir nuestra convivencia, anulando todas sus prerrogativas con el \u00e1nimo de cercenar la desfachatez con la que trataron de soliviantar al resto de los espa\u00f1oles. Respiramos as\u00ed, aliviados. Cuanto m\u00e1s que se anuncian elecciones auton\u00f3micas inminentes \u2013 21 de diciembre \u2013 para que sean las urnas las que proclamen sin subterfugios la forma de gobierno que venga poner freno a una situaci\u00f3n tan aciaga como la ha que se ha venido viviendo en los \u00faltimos meses.<\/p>\n<p>La intervenci\u00f3n del Gobierno, regido por Rajoy, con tiento y prudencia, pero con determinaci\u00f3n, ha sabido atajar el lacerante mal que atenazaba a una regi\u00f3n espa\u00f1ola y que amenazaba con quebrantar al resto del pa\u00eds. Es de esperar que su intervenci\u00f3n arroje los frutos de concordia por todos apetecidos y que del d\u00eda aciago del 27 de octubre de 2017 solo quede como recuerdo de una pesadilla de la que se supo despertar a tiempo y que del Puigdemont insumiso solo quede una lejana memoria de su sue\u00f1o imposible.<\/p>\n<p>&nbsp;<\/p>\n<p>&nbsp;<\/p>\n<p>&nbsp;<\/p>\n","protected":false},"excerpt":{"rendered":"<p>D\u00eda aciago JOS\u00c9 BECERRA Cuando una parte del cuerpo humano padece una afecci\u00f3n, no digamos una amputaci\u00f3n, el dolor se generaliza con mayor o menor intensidad en todo el organismo. Ocurre lo mismo cuando este estado catat\u00f3nico lo experimenta toda una naci\u00f3n al corroerse por el delirio enfermizo de una parte lacerada que indubitablemente viene [&hellip;]<\/p>\n","protected":false},"author":27495,"featured_media":0,"comment_status":"open","ping_status":"closed","sticky":false,"template":"","format":"standard","meta":[],"categories":[3,18],"tags":[1084,573,832,876],"_links":{"self":[{"href":"https:\/\/blogs.diariosur.es\/avuelapluma\/wp-json\/wp\/v2\/posts\/3034"}],"collection":[{"href":"https:\/\/blogs.diariosur.es\/avuelapluma\/wp-json\/wp\/v2\/posts"}],"about":[{"href":"https:\/\/blogs.diariosur.es\/avuelapluma\/wp-json\/wp\/v2\/types\/post"}],"author":[{"embeddable":true,"href":"https:\/\/blogs.diariosur.es\/avuelapluma\/wp-json\/wp\/v2\/users\/27495"}],"replies":[{"embeddable":true,"href":"https:\/\/blogs.diariosur.es\/avuelapluma\/wp-json\/wp\/v2\/comments?post=3034"}],"version-history":[{"count":1,"href":"https:\/\/blogs.diariosur.es\/avuelapluma\/wp-json\/wp\/v2\/posts\/3034\/revisions"}],"predecessor-version":[{"id":3035,"href":"https:\/\/blogs.diariosur.es\/avuelapluma\/wp-json\/wp\/v2\/posts\/3034\/revisions\/3035"}],"wp:attachment":[{"href":"https:\/\/blogs.diariosur.es\/avuelapluma\/wp-json\/wp\/v2\/media?parent=3034"}],"wp:term":[{"taxonomy":"category","embeddable":true,"href":"https:\/\/blogs.diariosur.es\/avuelapluma\/wp-json\/wp\/v2\/categories?post=3034"},{"taxonomy":"post_tag","embeddable":true,"href":"https:\/\/blogs.diariosur.es\/avuelapluma\/wp-json\/wp\/v2\/tags?post=3034"}],"curies":[{"name":"wp","href":"https:\/\/api.w.org\/{rel}","templated":true}]}}