{"id":3036,"date":"2017-11-02T13:06:00","date_gmt":"2017-11-02T12:06:00","guid":{"rendered":"http:\/\/blogs.diariosur.es\/avuelapluma\/?p=3036"},"modified":"2017-11-02T13:23:25","modified_gmt":"2017-11-02T12:23:25","slug":"democracia-y-estado-de-derecho","status":"publish","type":"post","link":"https:\/\/blogs.diariosur.es\/avuelapluma\/2017\/11\/02\/democracia-y-estado-de-derecho\/","title":{"rendered":"Estado de Derecho ultrajado"},"content":{"rendered":"<p>&nbsp;<\/p>\n<p><img loading=\"lazy\" class=\"mainImage accessible nofocus\" tabindex=\"0\" title=\"Ver imagen de origen\" src=\"\/\/static.diariosur.es\/www\/multimedia\/201709\/24\/media\/cortadas\/puigdemont-carles-kqtH--984x468@RC.jpg\" alt=\"Resultado de imagen de imagenes de puigdmont, en diario SUR\" width=\"982\" height=\"468\" data-bm=\"14\" \/><\/p>\n<p>El Estado de Derecho ultrajado<\/p>\n<p><span style=\"text-decoration: underline;\"><strong>JOS\u00c9 BECERRA<\/strong><\/span><\/p>\n<p>Sentenci\u00f3 Winston Churchill, premier brit\u00e1nico y premio Nobel de Literatura merced a su dominio de la descripci\u00f3n hist\u00f3rica y biogr\u00e1fica, a la vez que por su brillante oratoria y defensa a ultranza de los valores humanos, rese\u00f1\u00f3, digo, que \u201cla democracia es el peor gobierno dise\u00f1ado por el hombre, con excepci\u00f3n de todos los dem\u00e1s\u201d. Albert Einstein, por su parte, dej\u00f3 claro que su ideal pol\u00edtico era el democr\u00e1tico: \u201cTodo el mundo debe ser respetado como persona y nadie debe ser divinizado\u201d. Mentes preclaras que nos llevan a afirmar al resto de los mortales que todos somos iguales ante la ley y que nadie debe mancillar la democracia como sistema de organizaci\u00f3n pol\u00edtica que en su d\u00eda nos dimos los espa\u00f1oles. Por estas razones, resulta oprobioso que Puigdemont, ahora huido y dejando a sus principales seguidores en la estacada, venga a quebrantar el Estado de Derecho, alz\u00e1ndose en un arrebato infantil como depositario de una democracia de la que en Espa\u00f1a tratan de arrebatarle opresivamente. Puerilidad manifiesta, no exenta de cobard\u00eda, como se ha vuelto a ratificar enviando a sus consejeros a Madrid para responder a la Justicia de sus desafueros, y \u00e9l eludiendo una responsabilidad que le incumbe como principal insurrecto, quedarse tan campechano en Bruselas o dondequiera que haya establecido su morada en espera de que pase la borrasca. Que no va a pasar para \u00e9l, como se apunta en los medios judiciales espa\u00f1oles que est\u00e1n detr\u00e1s de su pista, como no pod\u00eda ser de\u00a0otra \u00a0manera \u00a0ante tan fementido personaje, que adem\u00e1s se escabulle dando buenas muestras de que nada quiere arriesgar para defender su ideario, por otra parte tan descabellado como irreal.<\/p>\n","protected":false},"excerpt":{"rendered":"<p>&nbsp; El Estado de Derecho ultrajado JOS\u00c9 BECERRA Sentenci\u00f3 Winston Churchill, premier brit\u00e1nico y premio Nobel de Literatura merced a su dominio de la descripci\u00f3n hist\u00f3rica y biogr\u00e1fica, a la vez que por su brillante oratoria y defensa a ultranza de los valores humanos, rese\u00f1\u00f3, digo, que \u201cla democracia es el peor gobierno dise\u00f1ado por [&hellip;]<\/p>\n","protected":false},"author":27495,"featured_media":0,"comment_status":"open","ping_status":"closed","sticky":false,"template":"","format":"standard","meta":[],"categories":[3,18],"tags":[332,1086,546,1085],"_links":{"self":[{"href":"https:\/\/blogs.diariosur.es\/avuelapluma\/wp-json\/wp\/v2\/posts\/3036"}],"collection":[{"href":"https:\/\/blogs.diariosur.es\/avuelapluma\/wp-json\/wp\/v2\/posts"}],"about":[{"href":"https:\/\/blogs.diariosur.es\/avuelapluma\/wp-json\/wp\/v2\/types\/post"}],"author":[{"embeddable":true,"href":"https:\/\/blogs.diariosur.es\/avuelapluma\/wp-json\/wp\/v2\/users\/27495"}],"replies":[{"embeddable":true,"href":"https:\/\/blogs.diariosur.es\/avuelapluma\/wp-json\/wp\/v2\/comments?post=3036"}],"version-history":[{"count":3,"href":"https:\/\/blogs.diariosur.es\/avuelapluma\/wp-json\/wp\/v2\/posts\/3036\/revisions"}],"predecessor-version":[{"id":3039,"href":"https:\/\/blogs.diariosur.es\/avuelapluma\/wp-json\/wp\/v2\/posts\/3036\/revisions\/3039"}],"wp:attachment":[{"href":"https:\/\/blogs.diariosur.es\/avuelapluma\/wp-json\/wp\/v2\/media?parent=3036"}],"wp:term":[{"taxonomy":"category","embeddable":true,"href":"https:\/\/blogs.diariosur.es\/avuelapluma\/wp-json\/wp\/v2\/categories?post=3036"},{"taxonomy":"post_tag","embeddable":true,"href":"https:\/\/blogs.diariosur.es\/avuelapluma\/wp-json\/wp\/v2\/tags?post=3036"}],"curies":[{"name":"wp","href":"https:\/\/api.w.org\/{rel}","templated":true}]}}